{"id":4440,"date":"2025-03-28T23:17:50","date_gmt":"2025-03-28T23:17:50","guid":{"rendered":"https:\/\/forumenlinea.com\/?p=4440"},"modified":"2025-03-30T23:22:47","modified_gmt":"2025-03-30T23:22:47","slug":"4440","status":"publish","type":"post","link":"https:\/\/forumenlinea.com\/?p=4440","title":{"rendered":""},"content":{"rendered":"<p style=\"margin-right: 0cm; margin-left: 0cm; font-size: 16px; font-family: 'Times New Roman','serif'; margin: 0cm; margin-bottom: .0001pt; background: white;\"><span style=\"font-size: 19px; font-family: 'Arial','sans-serif'; color: black;\">Utop\u00eda<\/span><\/p>\n<p style=\"margin-right: 0cm; margin-left: 0cm; font-size: 16px; font-family: 'Times New Roman','serif'; margin: 0cm; margin-bottom: .0001pt;\"><span style=\"font-family: 'Arial','sans-serif'; color: black;\">\u00a0<\/span><\/p>\n<p style=\"margin-right: 0cm; margin-left: 0cm; font-size: 16px; font-family: 'Times New Roman','serif'; margin: 0cm; margin-bottom: .0001pt; text-align: center;\"><strong><span style=\"font-size: 24px; font-family: 'Arial','sans-serif'; color: black;\">Los aranceles automotrices de DJT<\/span><\/strong><\/p>\n<p style=\"margin-right: 0cm; margin-left: 0cm; font-size: 16px; font-family: 'Times New Roman','serif'; margin: 0cm; margin-bottom: .0001pt;\"><span style=\"font-family: 'Arial','sans-serif'; color: black;\">\u00a0<\/span><\/p>\n<p style=\"margin-right: 0cm; margin-left: 0cm; font-size: 16px; font-family: 'Times New Roman','serif'; margin: 0cm; margin-bottom: .0001pt;\"><strong><span style=\"font-family: 'Arial','sans-serif'; color: black;\">Eduardo Ibarra Aguirre<\/span><\/strong><\/p>\n<p style=\"margin-right: 0cm; margin-left: 0cm; font-size: 16px; font-family: 'Times New Roman','serif'; margin: 0cm; margin-bottom: .0001pt;\"><span style=\"font-family: 'Arial','sans-serif'; color: black;\">\u00a0<\/span><\/p>\n<p style=\"margin-right: 0cm; margin-left: 0cm; font-size: 16px; font-family: 'Times New Roman','serif'; margin: 0cm; margin-bottom: .0001pt; text-align: justify;\"><span style=\"font-family: 'Arial','sans-serif'; color: black;\">Bajo el m\u00e9todo de que \u201cnosotros vamos a dar una respuesta integral a lo que se anunci\u00f3 del acero y el aluminio; lo que se anuncia hoy de los autom\u00f3viles y lo que van a anunciar el 2 de abril, posterior al 2 de abril, porque no queremos dar una respuesta a cada tema, sino realmente una respuesta integral\u201d; la presidenta Claudia Sheinbaum eludi\u00f3 deliberadamente comprometer un juicio directo, expl\u00edcito sobre los aranceles que para la industria automotriz del mundo pretende imponer el tirano que diariamente firma decretos y elude al Congreso de Estados Unidos pero no a los jueces y tribunales, incluida la Corte Suprema que ya le empiezan a significar un serio freno en sus atrabiliarias y a veces caprichosas decisiones que la mandataria diplom\u00e1ticamente explica como \u201csu propia forma de comunicar\u201d.<\/p>\n<p><\/span><\/p>\n<p style=\"margin-right: 0cm; margin-left: 0cm; font-size: 16px; font-family: 'Times New Roman','serif'; margin: 0cm; margin-bottom: .0001pt; text-align: justify;\"><span style=\"font-family: 'Arial','sans-serif'; color: black;\">\u00a0 \u00a0 \u00a0 \u00a0 \u00a0 \u00a0\u00a0Con pasmosa tranquilidad, la presidenta con A y tambi\u00e9n con E que cuenta \u00a0con el mayor porcentaje, superior al 90% de apoyo ciudadano, en el orbe por la conducta que asume en las negociaciones con Donald John Trump, record\u00f3 a los colegas que acudieron a Palacio Nacional el jueves 27, que en la m\u00e1s reciente pl\u00e1tica telef\u00f3nica que tuvo con el presidente de origen escoc\u00e9s por su abuela migrante, \u201clogramos que lo que est\u00e1 dentro del tratado tenga cero aranceles y aquello que se est\u00e1 exportando fuera del tratado, s\u00ed\u201d.<\/p>\n<p><\/span><\/p>\n<p style=\"margin-right: 0cm; margin-left: 0cm; font-size: 16px; font-family: 'Times New Roman','serif'; margin: 0cm; margin-bottom: .0001pt; text-align: justify; text-indent: 35.4pt;\"><span style=\"font-family: 'Arial','sans-serif'; color: black;\">Est\u00e1 por verse que el veleidoso Donaldo Juan haga honores al valor de su cada vez m\u00e1s demag\u00f3gica palabra y discurso, pues fuera de la orden ejecutiva del 26 de marzo, sus voceros aclararon que \u201cLos importadores de autom\u00f3viles bajo el Tratado entre M\u00e9xico, Estados Unidos y Canad\u00e1 tendr\u00e1n la oportunidad de certificar su contenido estadunidense, y se implementar\u00e1n sistemas para que el arancel de 25% s\u00f3lo se aplique al valor de su contenido no estadunidense. Las autopartes que cumplan con el T-MEC permanecer\u00e1n libres de aranceles hasta que el secretario de Comercio, en consulta con la Oficina de Aduanas y Protecci\u00f3n Fronteriza (CBP) de EU, establezca un proceso para aplicar aranceles a su contenido no estadunidense\u201d. La aplicaci\u00f3n de la f\u00f3rmula queda en manos de\u00a0<\/span><span style=\"font-family: 'Arial','sans-serif'; color: black;\">Howard Lutnick<\/span><span style=\"color: black;\">,\u00a0<\/span><span style=\"font-family: 'Arial','sans-serif'; color: black;\">previa orden del se\u00f1or de las tres \u201cte\u201d: magnate, delincuente y presidente.<\/span><\/p>\n<p style=\"margin-right: 0cm; margin-left: 0cm; font-size: 16px; font-family: 'Times New Roman','serif'; margin: 0cm; margin-bottom: .0001pt; text-align: justify; text-indent: 35.4pt;\"><span style=\"font-family: 'Arial','sans-serif'; color: black;\">Con todo, resulta pasmosa la actitud de la doctora frente al principal inquilino y empresario de la Casa Blanca, al asegurar que todav\u00eda<\/span><span style=\"font-family: 'Arial','sans-serif'; color: black;\">\u00a0hay pl\u00e1ticas. Marcelo Ebrard, por ejemplo, lleva seis encuentros con su par gringo, y \u201cla idea es que no se pierda un solo empleo\u201d, sino que adem\u00e1s tengamos la posibilidad de seguir generando empleos, por eso la respuesta que vamos a dar el 2 de abril no s\u00f3lo tiene que ver con medidas arancelarias y no arancelarias ante USA, \u201csino un plan integral dentro del Plan M\u00e9xico, que fortalece nuestra econom\u00eda\u201d.<\/p>\n<p><\/span><\/p>\n<p style=\"margin-right: 0cm; margin-left: 0cm; font-size: 16px; font-family: 'Times New Roman','serif'; margin: 0cm; margin-bottom: .0001pt; text-align: justify; text-indent: 35.4pt;\"><span style=\"font-family: 'Arial','sans-serif'; color: black;\">Y el objetivo principal es que el trato preferencial que M\u00e9xico busca con Washington \u201ces que el veh\u00edculo completo, las partes que se fabrican tanto en M\u00e9xico como en Estados Unidos\u201d est\u00e9n libres de aranceles, nada m\u00e1s pero nada menos, pues el nuestro es el pa\u00eds m\u00e1s integrado con EU en muchas \u00e1reas, pero particularmente con la industria automotriz\u201d. Y la mayor\u00eda de las empresas son de capital estadunidense, adem\u00e1s de que en M\u00e9xico se fabrican muchas autopartes de los componentes de los autos fabricados en USA.<\/p>\n<p><\/span><\/p>\n<p style=\"margin: 0cm; margin-bottom: .0001pt; font-size: 16px; font-family: 'Times New Roman','serif'; text-align: justify; text-indent: 35.4pt;\"><span style=\"font-family: 'Arial','sans-serif'; color: black;\">Trasnacionales que como Ford, General Motors y Chrysler fueron las primeras afectadas ya que sus acciones burs\u00e1tiles cayeron m\u00e1s de 2% en Wall Street, donde tambi\u00e9n se ubica la m\u00e1s grande y eficaz lavadora de recursos provenientes del crimen organizado. Y, adem\u00e1s, Trump dej\u00f3 tirados a sus aliados tradicionales como Jap\u00f3n, Corea del Sur, Canad\u00e1 y Alemania, los mayores exportadores de veh\u00edculos, lo que reconfirma por en\u00e9sima ocasi\u00f3n que el pa\u00eds de las barras y las estrellas no tiene amigos ni socios, sino intereses imperiales.<\/p>\n<p><\/span><\/p>\n<p style=\"margin-right: 0cm; margin-left: 0cm; font-size: 16px; font-family: 'Times New Roman','serif'; margin: 0cm; margin-bottom: .0001pt; text-align: center;\"><strong><span style=\"font-family: 'Arial','sans-serif'; color: black;\">Acuse de recibo<\/p>\n<p><\/span><\/strong><\/p>\n<p style=\"margin: 0cm; margin-bottom: .0001pt; font-size: 16px; font-family: 'Times New Roman','serif'; text-align: justify;\"><span style=\"font-family: 'Arial','sans-serif'; color: black;\">\u201cMarcha unitaria. 30 de marzo. 3 PM. (D\u00eda de la Tierra Palestina). De la Embajada de EU (\u00c1ngel de la Independencia) al Hemiciclo a Ju\u00e1rez. \u00a1Alto al genocidio! \u00a1Romper relaciones pol\u00edticas, econ\u00f3micas, acad\u00e9micas y culturales con Israel! \u00a1Alto a los bombardeos israel\u00edes-estadunidenses en Yemen, Siria y L\u00edbano!\u201d\u2026 No comparto la segunda demanda, pero igual expreso mi simpat\u00eda y respeto con los tres organismos convocantes, pero sobre todo con la gran causa de Palestina libre\u2026 De la periodista Teresa Gil: \u201cLo dicho por ti en esta columna, tiene mucho que ver con lo que se record\u00f3 en estos d\u00edas, con el Benem\u00e9rito: El respeto al derecho ajeno es la paz. La Constituci\u00f3n menciona los derechos de terceros, pero al parecer para los manifestantes los terceros no existen. Hablan y gritan sobre sus \u00a0derechos, pero los de los dem\u00e1s no aparecen por ning\u00fan lado. Aplicar la ley no es reprimir, es bueno que lo tengan en cuenta los gobiernos\u201d. Enlace a la Utop\u00eda comentada:\u00a0<\/span><a href=\"https:\/\/monitorfinanciero.com.mx\/utopia-csp-no-reprimiremos-a-los-maestros-eduardo-ibarra-aguirre\/\"><span style=\"font-family: 'Arial','sans-serif'; color: black;\">https:\/\/monitorfinanciero.com.mx\/utopia-csp-no-reprimiremos-a-los-maestros-eduardo-ibarra-aguirre\/<\/span><\/a><span style=\"font-family: 'Arial','sans-serif'; color: black;\">\u00a0(\u2026)\u00a0<\/span><span style=\"font-family: 'Arial','sans-serif'; color: black;\">\u201cEspectacular flash mob de mariachi en Mosc\u00fa\u201d (Federaci\u00f3n Rusa),\u00a0<\/span><a href=\"https:\/\/www.youtube.com\/watch?v=DvhFtOoXmY0\"><span style=\"font-family: 'Arial','sans-serif'; color: black;\">https:\/\/www.youtube.com\/watch?v=DvhFtOoXmY0<\/span><\/a><\/p>\n<p style=\"margin: 0cm; margin-bottom: .0001pt; font-size: 16px; font-family: 'Times New Roman','serif'; text-align: justify;\"><a href=\"http:\/\/www.forumenlinea.com\/\"><span style=\"font-size: 11px; font-family: 'Arial','sans-serif'; color: black; text-decoration: none;\">http:\/\/www.forumenlinea.com\/<\/span><\/a><span style=\"font-size: 11px; font-family: 'Arial','sans-serif'; color: black;\">\u00a0 \u00a0\u00a0<\/span><a href=\"mailto:forum@forumenlinea.com\"><span style=\"font-size: 11px; font-family: 'Arial','sans-serif'; color: black; text-decoration: none;\">forum@forumenlinea.com<\/span><\/a><span style=\"font-size: 11px; font-family: 'Arial','sans-serif'; color: black;\">\u00a0 \u00a0 @IbarraAguirreEd X<\/span><\/p>\n","protected":false},"excerpt":{"rendered":"<p>Utop\u00eda \u00a0 Los aranceles automotrices de DJT \u00a0 Eduardo Ibarra Aguirre \u00a0 Bajo el m\u00e9todo de que \u201cnosotros vamos a dar una respuesta integral a lo que se anunci\u00f3 del acero y el aluminio; lo que se anuncia hoy de los autom\u00f3viles y lo que van a anunciar el 2&#8230;<\/p>\n<div class=\"more-link-wrapper\"><a class=\"more-link\" href=\"https:\/\/forumenlinea.com\/?p=4440\">Continuar leyendo<span class=\"screen-reader-text\"><\/span><\/a><\/div>\n","protected":false},"author":1,"featured_media":0,"comment_status":"closed","ping_status":"closed","sticky":false,"template":"","format":"standard","meta":{"footnotes":""},"categories":[2],"tags":[],"class_list":["post-4440","post","type-post","status-publish","format-standard","hentry","category-utopia","entry"],"_links":{"self":[{"href":"https:\/\/forumenlinea.com\/index.php?rest_route=\/wp\/v2\/posts\/4440","targetHints":{"allow":["GET"]}}],"collection":[{"href":"https:\/\/forumenlinea.com\/index.php?rest_route=\/wp\/v2\/posts"}],"about":[{"href":"https:\/\/forumenlinea.com\/index.php?rest_route=\/wp\/v2\/types\/post"}],"author":[{"embeddable":true,"href":"https:\/\/forumenlinea.com\/index.php?rest_route=\/wp\/v2\/users\/1"}],"replies":[{"embeddable":true,"href":"https:\/\/forumenlinea.com\/index.php?rest_route=%2Fwp%2Fv2%2Fcomments&post=4440"}],"version-history":[{"count":3,"href":"https:\/\/forumenlinea.com\/index.php?rest_route=\/wp\/v2\/posts\/4440\/revisions"}],"predecessor-version":[{"id":4444,"href":"https:\/\/forumenlinea.com\/index.php?rest_route=\/wp\/v2\/posts\/4440\/revisions\/4444"}],"wp:attachment":[{"href":"https:\/\/forumenlinea.com\/index.php?rest_route=%2Fwp%2Fv2%2Fmedia&parent=4440"}],"wp:term":[{"taxonomy":"category","embeddable":true,"href":"https:\/\/forumenlinea.com\/index.php?rest_route=%2Fwp%2Fv2%2Fcategories&post=4440"},{"taxonomy":"post_tag","embeddable":true,"href":"https:\/\/forumenlinea.com\/index.php?rest_route=%2Fwp%2Fv2%2Ftags&post=4440"}],"curies":[{"name":"wp","href":"https:\/\/api.w.org\/{rel}","templated":true}]}}