{"id":4438,"date":"2025-03-26T23:14:16","date_gmt":"2025-03-26T23:14:16","guid":{"rendered":"https:\/\/forumenlinea.com\/?p=4438"},"modified":"2025-03-30T23:17:47","modified_gmt":"2025-03-30T23:17:47","slug":"4438","status":"publish","type":"post","link":"https:\/\/forumenlinea.com\/?p=4438","title":{"rendered":""},"content":{"rendered":"<p style=\"margin-right: 0cm; margin-left: 0cm; font-size: 16px; font-family: 'Times New Roman','serif'; margin: 0cm; margin-bottom: .0001pt; background: white;\"><span style=\"font-size: 19px; font-family: Arial, Helvetica, sans-serif; color: #000000;\">Utop\u00eda<\/span><\/p>\n<p style=\"margin-right: 0cm; margin-left: 0cm; font-size: 16px; font-family: 'Times New Roman','serif'; margin: 0cm; margin-bottom: .0001pt;\"><span style=\"font-family: Arial, Helvetica, sans-serif; color: #000000;\">\u00a0<\/span><\/p>\n<p style=\"margin-right: 0cm; margin-left: 0cm; font-size: 16px; font-family: 'Times New Roman','serif'; margin: 0cm; margin-bottom: .0001pt; text-align: center;\"><span style=\"font-family: Arial, Helvetica, sans-serif; color: #000000;\"><strong><span style=\"font-size: 24px;\">Guanajuato, la nota en homicidios dolosos<\/span><\/strong><\/span><\/p>\n<p style=\"margin-right: 0cm; margin-left: 0cm; font-size: 16px; font-family: 'Times New Roman','serif'; margin: 0cm; margin-bottom: .0001pt;\"><span style=\"font-family: Arial, Helvetica, sans-serif; color: #000000;\">\u00a0<\/span><\/p>\n<p style=\"margin-right: 0cm; margin-left: 0cm; font-size: 16px; font-family: 'Times New Roman','serif'; margin: 0cm; margin-bottom: .0001pt;\"><span style=\"font-family: Arial, Helvetica, sans-serif; color: #000000;\"><strong>Eduardo Ibarra Aguirre<\/strong><\/span><\/p>\n<p style=\"margin-right: 0cm; margin-left: 0cm; font-size: 16px; font-family: 'Times New Roman','serif'; margin: 0cm; margin-bottom: .0001pt;\"><span style=\"font-family: Arial, Helvetica, sans-serif; color: #000000;\">\u00a0<\/span><\/p>\n<p style=\"margin-right: 0cm; margin-left: 0cm; font-size: 16px; font-family: 'Times New Roman','serif'; margin: 0cm; margin-bottom: .0001pt; text-align: justify;\"><span style=\"font-family: Arial, Helvetica, sans-serif; color: #000000;\">Catorcena de seguridad p\u00fablica y en buena medida nacional, con resultados preliminares de marzo del a\u00f1o en curso, fue la del d\u00eda 25, todav\u00eda concentrada en las campa\u00f1as y\/o el debate nacional sobre la existencia de un \u201ccampo de exterminio\u201d, de acuerdo a demasiadas voces opositoras, sobre todo las medi\u00e1ticas m\u00e1s que sobrerrepresentadas en el oligopolio medi\u00e1tico, \u00a0o de \u201centrenamiento\u201d, de acuerdo a las autoridades federales y los medios alternativos de informaci\u00f3n, en el rancho Izaguirre, ubicado Teuchitl\u00e1n, Jalisco.<\/p>\n<p><\/span><\/p>\n<p style=\"margin-right: 0cm; margin-left: 0cm; font-size: 16px; font-family: 'Times New Roman','serif'; margin: 0cm; margin-bottom: .0001pt; text-align: justify; text-indent: 35.4pt;\"><span style=\"font-family: Arial, Helvetica, sans-serif; color: #000000;\">Sin embrago, la nota m\u00e1s sobresaliente es la reconfirmaci\u00f3n de las tendencias a la baja en homicidios dolosos en el pa\u00eds, pero sobre todo la notable disminuci\u00f3n el fin de semana pasado de los asesinatos en el estado de Guanajuato que todav\u00eda sigue ocupando el primer lugar del pa\u00eds cuando menos desde diciembre de 2018, en que los fen\u00f3menos de la inseguridad p\u00fablica se miden, ventilan p\u00fablicamente y se abordan policial y socialmente con rigor y profesionalismo tanto desde Palacio Nacional como en casi todas las gubernaturas de las entidades federativas.<\/p>\n<p><\/span><\/p>\n<p style=\"margin: 0cm; margin-bottom: .0001pt; font-size: 16px; font-family: 'Times New Roman','serif'; text-align: justify; text-indent: 35.4pt;\"><span style=\"font-family: Arial, Helvetica, sans-serif; color: #000000;\">Resulta que el estado que gobierna Acci\u00f3n Nacional desde el 26 de septiembre de 1991, casi 6.5 lustros despu\u00e9s concentr\u00f3 277 asesinatos, lo que representa 17.1% del total de los homicidios dolosos cometidos en marzo, hasta el d\u00eda 24, poco m\u00e1s del doble que el segundo lugar que lo ocup\u00f3 el estado de M\u00e9xico que registr\u00f3 121 homicidios, lo que represent\u00f3 7.8% del total en el pa\u00eds. En tercer lugar se encuentra Chihuahua, con el 6.7%, Baja California con el 6.1%, Sinaloa con 5.9% y Sonora con 5.6%.<\/p>\n<p><\/span><\/p>\n<p style=\"margin: 0cm; margin-bottom: .0001pt; font-size: 16px; font-family: 'Times New Roman','serif'; text-align: justify; text-indent: 35.4pt;\"><span style=\"font-family: Arial, Helvetica, sans-serif; color: #000000;\">Pero lo m\u00e1s significativo y que no fue suficientemente subrayado por Omar Garc\u00eda Harfuch o la misma presidenta con A, a quien rara vez se le va una, incluso es frecuente que ella misma formule preguntas en voz baja y alta a los funcionarios convocados, consisti\u00f3 en que la semana pasada, tras la detenci\u00f3n de Jos\u00e9 Remedios N, identificado como uno de los principales generadores de violencia en Guanajuato, la incidencia de asesinatos se redujo en 44%, al pasar de un promedio diario de 12.7 a siete asesinatos, lo que permiti\u00f3 que en esta \u00faltima semana el estado de Guanajuato no encabezar\u00e1 la lista de homicidios a nivel nacional, inform\u00f3 el secretario de Seguridad P\u00fablica y Protecci\u00f3n Ciudadana, Garc\u00eda Harfuch.<\/p>\n<p><\/span><\/p>\n<p style=\"margin: 0cm; margin-bottom: .0001pt; font-size: 16px; font-family: 'Times New Roman','serif'; text-align: justify; text-indent: 35.4pt;\"><span style=\"font-family: Arial, Helvetica, sans-serif; color: #000000;\">Naturalmente que a\u00fan est\u00e1 por verse si el alentador hecho se convierte en un punto de inflexi\u00f3n en la tendencia ascendente en homicidios dolosos; o s\u00f3lo se trata de que se reconfirmar\u00e1 la popular frase de que una golondrina no hace verano. La respuesta depender\u00e1 y mucho de las acciones de continuidad tras la detenci\u00f3n del criminal \u00a0Jos\u00e9 Remedios N y para ello se trasladaron a la capital guanajuatense los secretarios de la Defensa Nacional y de Seguridad P\u00fablica para junto con la gobernadora Libia Garc\u00eda afinar nuevas acciones para convertir la disminuci\u00f3n en homicidios dolosos en un punto de inflexi\u00f3n y luego consolidar la tendencia a la baja con la afinaci\u00f3n de nuevas acciones estatales y federales, conjuntas, como indica el m\u00e1s com\u00fan de los sentidos y demanda la ciudadan\u00eda.<\/p>\n<p><\/span><\/p>\n<p style=\"margin: 0cm; margin-bottom: .0001pt; font-size: 16px; font-family: 'Times New Roman','serif'; text-align: justify; text-indent: 35.4pt;\"><span style=\"font-family: Arial, Helvetica, sans-serif; color: #000000;\">Y, finalmente, otro hecho plausible en la materia es que conforme a los datos del Sistema Nacional de Seguridad P\u00fablica, la presidenta destac\u00f3 que entre septiembre de 2024 a marzo de este a\u00f1o, se cometen 19 asesinatos menos todos los d\u00edas. Y si la medici\u00f3n contempla los 6.3 a\u00f1os de la Cuarta Transformaci\u00f3n y su segundo piso, la reducci\u00f3n es del 27%. Adem\u00e1s, el parcial pero significativo avance en Guanajuato permitir\u00e1, tambi\u00e9n, que la dirigencia panista sea menos obtusa al negar los evidentes avances en seguridad p\u00fablica, a pesar de que se requiere, como es natural, mucho m\u00e1s.<\/p>\n<p><\/span><\/p>\n<p style=\"margin-right: 0cm; margin-left: 0cm; font-size: 16px; font-family: 'Times New Roman','serif'; margin: 0cm; margin-bottom: .0001pt; text-align: center;\"><span style=\"font-family: Arial, Helvetica, sans-serif; color: #000000;\"><strong>Acuse de recibo<\/p>\n<p><\/strong><\/span><\/p>\n<p style=\"margin: 0cm; margin-bottom: .0001pt; font-size: 16px; font-family: 'Times New Roman','serif'; text-align: justify;\"><span style=\"font-family: Arial, Helvetica, sans-serif; color: #000000;\">\u201cHoy, en Chapingo, los maestros votamos continuar la huelga, que iniciamos el pasado 3 de marzo. Saludos. EPV\u201d. Para obtener m\u00e1s informaci\u00f3n,\u00a0<a href=\"https:\/\/stauach.us20.list-manage.com\/track\/click?u=202acf7a11b159ee736494c2c&amp;id=efc17bd2f9&amp;e=b4ee89e838\" target=\"_blank\" rel=\"noopener\">https:\/\/www.youtube.com\/watch?v=Y41w-RI0mXY<\/a>\u00a0(\u2026) \u201cApreciable Eduardo Ibarra: Falleci\u00f3 nuestro amigo Ra\u00fal Paz Res\u00e9ndiz, el pasado d\u00eda 14, rodeado del amor de sus familiares y en paz. Aquello fue un problema inexplicable a nivel del h\u00edgado. Naci\u00f3 en 1967. Est\u00e1 en el \u00e9ter feliz con los camaradas. Atentamente: Adriana Maupom\u00e9 Carvantes\u201d\u2026 Paz Res\u00e9ndiz inform\u00f3 (22-XII-2024): \u201cAnexo la edici\u00f3n 281 de El Activista Regional, n\u00famero con el que lamentablemente cerramos el ciclo luego de 25 a\u00f1os de publicaci\u00f3n ininterrumpida, finalmente, por causas ajenas a nuestra voluntad, nos vemos obligados a dejar de publicar nuestra revista. Sin embargo, nuestro compromiso con las luchas de la izquierda socialista de M\u00e9xico y el extranjero sigue firme por siempre. Nos despedimos, no sin antes agradecer todo el apoyo recibido a lo largo de estos 25 a\u00f1os, as\u00ed como los comentarios y cr\u00edticas de todo tipo que fueron un factor importante para tratar de mejorar a trav\u00e9s del tiempo\u201d (&#8230;) El Activista Regional muestra el car\u00e1cter incluyente con todas las izquierdas y la promoci\u00f3n del debate que distingui\u00f3 al compa\u00f1ero y amigo socialista \u00a0Paz Res\u00e9ndiz.\u00a0<\/span><\/p>\n<p style=\"margin: 0cm; margin-bottom: .0001pt; font-size: 16px; font-family: 'Times New Roman','serif'; text-align: justify;\"><span style=\"font-family: Arial, Helvetica, sans-serif; color: #000000;\"><a href=\"http:\/\/www.forumenlinea.com\/\"><span style=\"font-size: 11px; text-decoration: none;\">http:\/\/www.forumenlinea.com\/<\/span><\/a><\/span><span style=\"font-size: 11px; font-family: Arial, Helvetica, sans-serif; color: #000000;\">\u00a0 \u00a0\u00a0<\/span><span style=\"font-family: Arial, Helvetica, sans-serif; color: #000000;\"><a href=\"mailto:forum@forumenlinea.com\"><span style=\"font-size: 11px; text-decoration: none;\">forum@forumenlinea.com<\/span><\/a><\/span><span style=\"font-size: 11px; font-family: Arial, Helvetica, sans-serif; color: #000000;\">\u00a0 \u00a0 @IbarraAguirreEd X<\/span><\/p>\n","protected":false},"excerpt":{"rendered":"<p>Utop\u00eda \u00a0 Guanajuato, la nota en homicidios dolosos \u00a0 Eduardo Ibarra Aguirre \u00a0 Catorcena de seguridad p\u00fablica y en buena medida nacional, con resultados preliminares de marzo del a\u00f1o en curso, fue la del d\u00eda 25, todav\u00eda concentrada en las campa\u00f1as y\/o el debate nacional sobre la existencia de un&#8230;<\/p>\n<div class=\"more-link-wrapper\"><a class=\"more-link\" href=\"https:\/\/forumenlinea.com\/?p=4438\">Continuar leyendo<span class=\"screen-reader-text\"><\/span><\/a><\/div>\n","protected":false},"author":1,"featured_media":0,"comment_status":"closed","ping_status":"closed","sticky":false,"template":"","format":"standard","meta":{"footnotes":""},"categories":[2],"tags":[],"class_list":["post-4438","post","type-post","status-publish","format-standard","hentry","category-utopia","entry"],"_links":{"self":[{"href":"https:\/\/forumenlinea.com\/index.php?rest_route=\/wp\/v2\/posts\/4438","targetHints":{"allow":["GET"]}}],"collection":[{"href":"https:\/\/forumenlinea.com\/index.php?rest_route=\/wp\/v2\/posts"}],"about":[{"href":"https:\/\/forumenlinea.com\/index.php?rest_route=\/wp\/v2\/types\/post"}],"author":[{"embeddable":true,"href":"https:\/\/forumenlinea.com\/index.php?rest_route=\/wp\/v2\/users\/1"}],"replies":[{"embeddable":true,"href":"https:\/\/forumenlinea.com\/index.php?rest_route=%2Fwp%2Fv2%2Fcomments&post=4438"}],"version-history":[{"count":1,"href":"https:\/\/forumenlinea.com\/index.php?rest_route=\/wp\/v2\/posts\/4438\/revisions"}],"predecessor-version":[{"id":4439,"href":"https:\/\/forumenlinea.com\/index.php?rest_route=\/wp\/v2\/posts\/4438\/revisions\/4439"}],"wp:attachment":[{"href":"https:\/\/forumenlinea.com\/index.php?rest_route=%2Fwp%2Fv2%2Fmedia&parent=4438"}],"wp:term":[{"taxonomy":"category","embeddable":true,"href":"https:\/\/forumenlinea.com\/index.php?rest_route=%2Fwp%2Fv2%2Fcategories&post=4438"},{"taxonomy":"post_tag","embeddable":true,"href":"https:\/\/forumenlinea.com\/index.php?rest_route=%2Fwp%2Fv2%2Ftags&post=4438"}],"curies":[{"name":"wp","href":"https:\/\/api.w.org\/{rel}","templated":true}]}}