{"id":4436,"date":"2025-03-24T23:10:59","date_gmt":"2025-03-24T23:10:59","guid":{"rendered":"https:\/\/forumenlinea.com\/?p=4436"},"modified":"2025-03-30T23:14:09","modified_gmt":"2025-03-30T23:14:09","slug":"4436","status":"publish","type":"post","link":"https:\/\/forumenlinea.com\/?p=4436","title":{"rendered":""},"content":{"rendered":"<p style=\"margin-right: 0cm; margin-left: 0cm; font-size: 16px; font-family: 'Times New Roman','serif'; margin: 0cm; margin-bottom: .0001pt; background: white;\"><span style=\"font-size: 19px; font-family: Arial, Helvetica, sans-serif; color: #000000;\">Utop\u00eda<\/span><\/p>\n<p style=\"margin-right: 0cm; margin-left: 0cm; font-size: 16px; font-family: 'Times New Roman','serif'; margin: 0cm; margin-bottom: .0001pt;\"><span style=\"font-family: Arial, Helvetica, sans-serif; color: #000000;\">\u00a0<\/span><\/p>\n<p style=\"margin-right: 0cm; margin-left: 0cm; font-size: 16px; font-family: 'Times New Roman','serif'; margin: 0cm; margin-bottom: .0001pt; text-align: center;\"><span style=\"color: #000000; font-family: Arial, Helvetica, sans-serif;\"><strong><span style=\"font-size: 24px;\">CSP: No reprimiremos a los maestros<\/span><\/strong><\/span><\/p>\n<p style=\"margin-right: 0cm; margin-left: 0cm; font-size: 16px; font-family: 'Times New Roman','serif'; margin: 0cm; margin-bottom: .0001pt;\"><span style=\"font-family: Arial, Helvetica, sans-serif; color: #000000;\">\u00a0<\/span><\/p>\n<p style=\"margin-right: 0cm; margin-left: 0cm; font-size: 16px; font-family: 'Times New Roman','serif'; margin: 0cm; margin-bottom: .0001pt;\"><span style=\"color: #000000; font-family: Arial, Helvetica, sans-serif;\"><strong>Eduardo Ibarra Aguirre<\/strong><\/span><\/p>\n<p style=\"margin-right: 0cm; margin-left: 0cm; font-size: 16px; font-family: 'Times New Roman','serif'; margin: 0cm; margin-bottom: .0001pt;\"><span style=\"font-family: Arial, Helvetica, sans-serif; color: #000000;\">\u00a0<\/span><\/p>\n<p style=\"margin-right: 0cm; margin-left: 0cm; font-size: 16px; font-family: 'Times New Roman','serif'; margin: 0cm; margin-bottom: .0001pt; text-align: justify;\"><span style=\"font-family: Arial, Helvetica, sans-serif; color: #000000;\">Por los antecedentes nada remotos sino bajo el gobierno de Enrique Pe\u00f1a (2012-18) y de Felipe Calder\u00f3n (2006-12), no es ociosa la reiteraci\u00f3n presidencial de la semana pasada cuando los bloqueos y marchas de la Coordinadora Nacional de Trabajadores de la Educaci\u00f3n desquiciaron no s\u00f3lo el tr\u00e1fico sino la vida completa de muchos capitalinos, de sus sectores populares, como ya es su costumbre por lo menos anual: \u201cNosotros no reprimiremos a los maestros\u201d, comprometi\u00f3 Claudia Sheinbaum una y otra vez.<\/p>\n<p><\/span><\/p>\n<p style=\"margin-right: 0cm; margin-left: 0cm; font-size: 16px; font-family: 'Times New Roman','serif'; margin: 0cm; margin-bottom: .0001pt; text-align: justify; text-indent: 35.4pt;\"><span style=\"font-family: Arial, Helvetica, sans-serif; color: #000000;\">Y aunque sea insuficiente es demasiado significativo cuando los dirigentes de 1 300 profesores de M\u00e9rida, Yucat\u00e1n, denunciaron que el jueves 20 varios docentes fueron agredidos por polic\u00edas municipales con el uso de extinguidores de fuego para dispersarlos cuando trataron de entrar a la fuerza a la sede del Poder Ejecutivo estatal. Bueno, si el prop\u00f3sito era tomar el Palacio de Gobierno no es dable esperar que los reciban con alfombra roja y fanfarrias. Y no bromeo, equivaldr\u00eda a que Sheinbaum Pardo permitiera la toma de Palacio Nacional para que M\u00e9xico se entere de las demandas de la CNTE que, por cierto, mucha falta hace porque no acaban de quedar claras para el com\u00fan de los mortales y poco parece interesarle al aparato sindical fundado en 1979, y que est\u00e1 m\u00e1s empe\u00f1ado en \u201cpresionar\u201d a la presidenta que en ganar la simpat\u00eda y solidaridad de los trabajadores manuales e intelectuales de la Ciudad de M\u00e9xico y del pa\u00eds.<\/p>\n<p><\/span><\/p>\n<p style=\"margin-right: 0cm; margin-left: 0cm; font-size: 16px; font-family: 'Times New Roman','serif'; margin: 0cm; margin-bottom: .0001pt; text-align: justify; text-indent: 35.4pt;\"><span style=\"font-family: Arial, Helvetica, sans-serif; color: #000000;\">Excelente, pues, garantizar el derecho a la libre asociaci\u00f3n y reuni\u00f3n pac\u00edfica de los ciudadanos, pero nunca en dem\u00e9rito del derecho de los dem\u00e1s a circular libremente por la ciudad y el pa\u00eds para trabajar, divertirse, estudiar, dormir\u2026 Y el m\u00e1s com\u00fan de los sentidos indica que Clara Brugada tiene como obligaci\u00f3n garantizar su cumplimiento para los que diariamente viven y padecen el viacrucis de los bloqueos y tomas de las v\u00edas p\u00fablicas y algunas veces por decenas de ciudadanos que obstruyen o toman las principales arterias. Alguna ocasi\u00f3n presenci\u00e9 en un viernes de quincena el bloqueo de Insurgentes Sur a la altura de F\u00e9lix Cuevas a cargo de ocho personas porque una profesora de un colegio particular fue despedida. \u00a1Incre\u00edble!<\/p>\n<p><\/span><\/p>\n<p style=\"margin-right: 0cm; margin-left: 0cm; font-size: 16px; font-family: 'Times New Roman','serif'; margin: 0cm; margin-bottom: .0001pt; text-align: justify; text-indent: 35.4pt;\"><span style=\"font-family: Arial, Helvetica, sans-serif; color: #000000;\">No se requiere ser abogado y mucho menos experto para asimilar y sobre todo respetar el precepto de que mis derechos terminan donde afecto a los de otros, de lo contrario no hay convivencia respetuosa, civilizada posible.<\/p>\n<p><\/span><\/p>\n<p style=\"margin-right: 0cm; margin-left: 0cm; font-size: 16px; font-family: 'Times New Roman','serif'; margin: 0cm; margin-bottom: .0001pt; text-align: justify; text-indent: 35.4pt;\"><span style=\"font-family: Arial, Helvetica, sans-serif; color: #000000;\">Para no hablar de las obligaciones de todo tipo de las autoridades p\u00fablicas de anticiparse a los problemas que pueden generarse cuando aquel principio se atropella ma\u00f1ana, tarde y noche los 365 d\u00edas del a\u00f1o por encima de los g\u00e9neros, religiones, partidarismos pol\u00edticos, clase sociales e ideolog\u00edas.<\/p>\n<p><\/span><\/p>\n<p style=\"margin-right: 0cm; margin-left: 0cm; font-size: 16px; font-family: 'Times New Roman','serif'; margin: 0cm; margin-bottom: .0001pt; text-align: justify; text-indent: 35.4pt;\"><span style=\"font-family: Arial, Helvetica, sans-serif; color: #000000;\">Y para ello por supuesto que no es necesario reprimir a nadie, simplemente disuadir y contener con la presencia de la fuerza p\u00fablica y lo que ahora denominan en la jerga policial encapsulamiento, sin lastimar ni siquiera con un rasgu\u00f1o a nadie, porque no es otra cosa que el aislamiento de los m\u00e1s rijosos o de su base de apoyo que opera por convicciones presuntas o reales.<\/p>\n<p><\/span><\/p>\n<p style=\"margin-right: 0cm; margin-left: 0cm; font-size: 16px; font-family: 'Times New Roman','serif'; margin: 0cm; margin-bottom: .0001pt; text-align: justify; text-indent: 35.4pt;\"><span style=\"font-family: Arial, Helvetica, sans-serif; color: #000000;\">Salvo su mejor opini\u00f3n, es mejor empezar a tomar cartas en el tema nada sencillo e ineludible porque m\u00e1s tarde o m\u00e1s temprano, aunque espero que nunca suceda, tendr\u00e1 que hacerse cuando los bloqueados estallen violentamente por tantos excesos cometidos en contra de su tiempo y derechos constitucionales. Nada cuesta a las autoridades y dirigentes sociales anticiparse y salvar la integridad f\u00edsica y s\u00edquica de personas e incluso su propia vida. Am\u00e9n.<\/p>\n<p><\/span><\/p>\n<p style=\"margin-right: 0cm; margin-left: 0cm; font-size: 16px; font-family: 'Times New Roman','serif'; margin: 0cm; margin-bottom: .0001pt; text-align: center;\"><span style=\"color: #000000; font-family: Arial, Helvetica, sans-serif;\"><strong>Acuse de recibo<\/p>\n<p><\/strong><\/span><\/p>\n<p style=\"margin: 0cm; margin-bottom: .0001pt; font-size: 16px; font-family: 'Times New Roman','serif'; text-align: justify;\"><span style=\"font-family: Arial, Helvetica, sans-serif; color: #000000;\">La cleptocracia que domina el poder Ejecutivo y Legislativo de la Uni\u00f3n Americana prohibi\u00f3 la entrada de Cristina Fern\u00e1ndez, expresidenta de Argentina, \u201cpor corrupta\u201d, al pa\u00eds donde se acumulan reveses judiciales y una advertencia del presidente de la Corte Suprema a Donald Trump de auspiciar una crisis constitucional\u2026 De Elba P\u00e9rez: \u201c\u00a1Por la paz en el mundo! El gobierno neonazi de Israel, bombardea e incursiona por tierra en Gaza, asesinando a cientos de sus habitantes. Se propone desalojar de su tierra a los gazat\u00edes vivos o muertos. Nadie lo puede detener, adem\u00e1s cuenta con el pleno apoyo de Estados Unidos\u201d&#8230; E informa, \u201cEn d\u00edas recientes falleci\u00f3 mi gran amiga y camarada de la JCM y el PCM, Claudia Bodek Stavenhagen, soci\u00f3loga con estudios de maestr\u00eda por la Facultad de Ciencias Pol\u00edticas y Sociales de la UNAM, en donde fue docente, investigadora y funcionaria acad\u00e9mica. Siendo alumna de la Prepa 6 de la UNAM particip\u00f3 el 10 de junio de 1971, y en otras actividades sociales y pol\u00edticas como militante de izquierda. Cont\u00e9 con su apoyo y solidaridad en situaciones dif\u00edciles convividas (\u2026) \u00a0Guardo un su\u00e9ter proporcionado por Claudia un d\u00eda que hac\u00eda fr\u00edo, y al final me lo regal\u00f3 porque ya no le quedaba. Fue tejido por su abuela paterna, quien particip\u00f3 en las Brigadas Internacionales en la Guerra Civil Espa\u00f1ola\u201d&#8230; Un 25 de marzo pero de 2019, falleci\u00f3 el querido colega y amigo Virgilio Dante Caballero Pedraza.<\/span><\/p>\n<p style=\"margin: 0cm; margin-bottom: .0001pt; font-size: 16px; font-family: 'Times New Roman','serif'; text-align: justify;\"><span style=\"color: #000000; font-family: Arial, Helvetica, sans-serif;\"><a href=\"http:\/\/www.forumenlinea.com\/\"><span style=\"font-size: 11px; text-decoration: none;\">http:\/\/www.forumenlinea.com\/<\/span><\/a><\/span><span style=\"font-size: 11px; font-family: Arial, Helvetica, sans-serif; color: #000000;\">\u00a0 \u00a0\u00a0<\/span><span style=\"color: #000000; font-family: Arial, Helvetica, sans-serif;\"><a href=\"mailto:forum@forumenlinea.com\"><span style=\"font-size: 11px; text-decoration: none;\">forum@forumenlinea.com<\/span><\/a><\/span><span style=\"font-size: 11px; font-family: Arial, Helvetica, sans-serif; color: #000000;\">\u00a0 \u00a0 @IbarraAguirreEd X<\/span><\/p>\n","protected":false},"excerpt":{"rendered":"<p>Utop\u00eda \u00a0 CSP: No reprimiremos a los maestros \u00a0 Eduardo Ibarra Aguirre \u00a0 Por los antecedentes nada remotos sino bajo el gobierno de Enrique Pe\u00f1a (2012-18) y de Felipe Calder\u00f3n (2006-12), no es ociosa la reiteraci\u00f3n presidencial de la semana pasada cuando los bloqueos y marchas de la Coordinadora Nacional&#8230;<\/p>\n<div class=\"more-link-wrapper\"><a class=\"more-link\" href=\"https:\/\/forumenlinea.com\/?p=4436\">Continuar leyendo<span class=\"screen-reader-text\"><\/span><\/a><\/div>\n","protected":false},"author":1,"featured_media":0,"comment_status":"closed","ping_status":"closed","sticky":false,"template":"","format":"standard","meta":{"footnotes":""},"categories":[2],"tags":[],"class_list":["post-4436","post","type-post","status-publish","format-standard","hentry","category-utopia","entry"],"_links":{"self":[{"href":"https:\/\/forumenlinea.com\/index.php?rest_route=\/wp\/v2\/posts\/4436","targetHints":{"allow":["GET"]}}],"collection":[{"href":"https:\/\/forumenlinea.com\/index.php?rest_route=\/wp\/v2\/posts"}],"about":[{"href":"https:\/\/forumenlinea.com\/index.php?rest_route=\/wp\/v2\/types\/post"}],"author":[{"embeddable":true,"href":"https:\/\/forumenlinea.com\/index.php?rest_route=\/wp\/v2\/users\/1"}],"replies":[{"embeddable":true,"href":"https:\/\/forumenlinea.com\/index.php?rest_route=%2Fwp%2Fv2%2Fcomments&post=4436"}],"version-history":[{"count":1,"href":"https:\/\/forumenlinea.com\/index.php?rest_route=\/wp\/v2\/posts\/4436\/revisions"}],"predecessor-version":[{"id":4437,"href":"https:\/\/forumenlinea.com\/index.php?rest_route=\/wp\/v2\/posts\/4436\/revisions\/4437"}],"wp:attachment":[{"href":"https:\/\/forumenlinea.com\/index.php?rest_route=%2Fwp%2Fv2%2Fmedia&parent=4436"}],"wp:term":[{"taxonomy":"category","embeddable":true,"href":"https:\/\/forumenlinea.com\/index.php?rest_route=%2Fwp%2Fv2%2Fcategories&post=4436"},{"taxonomy":"post_tag","embeddable":true,"href":"https:\/\/forumenlinea.com\/index.php?rest_route=%2Fwp%2Fv2%2Ftags&post=4436"}],"curies":[{"name":"wp","href":"https:\/\/api.w.org\/{rel}","templated":true}]}}