{"id":4430,"date":"2025-03-19T23:01:06","date_gmt":"2025-03-19T23:01:06","guid":{"rendered":"https:\/\/forumenlinea.com\/?p=4430"},"modified":"2025-03-30T23:07:13","modified_gmt":"2025-03-30T23:07:13","slug":"4430","status":"publish","type":"post","link":"https:\/\/forumenlinea.com\/?p=4430","title":{"rendered":""},"content":{"rendered":"<p style=\"margin-right: 0cm; margin-left: 0cm; font-size: 16px; font-family: 'Times New Roman','serif'; margin: 0cm; margin-bottom: .0001pt; background: white;\"><span style=\"font-size: 19px; font-family: Arial, Helvetica, sans-serif; color: #000000;\">Utop\u00eda<\/span><\/p>\n<p style=\"margin-right: 0cm; margin-left: 0cm; font-size: 16px; font-family: 'Times New Roman','serif'; margin: 0cm; margin-bottom: .0001pt;\"><span style=\"font-family: Arial, Helvetica, sans-serif; color: #000000;\">\u00a0<\/span><\/p>\n<p style=\"margin-right: 0cm; margin-left: 0cm; font-size: 16px; font-family: 'Times New Roman','serif'; margin: 0cm; margin-bottom: .0001pt; text-align: center;\"><span style=\"color: #000000; font-family: Arial, Helvetica, sans-serif;\"><strong><span style=\"font-size: 24px;\">Acciones para una prioridad nacional<\/span><\/strong><\/span><\/p>\n<p style=\"margin-right: 0cm; margin-left: 0cm; font-size: 16px; font-family: 'Times New Roman','serif'; margin: 0cm; margin-bottom: .0001pt;\"><span style=\"font-family: Arial, Helvetica, sans-serif; color: #000000;\">\u00a0<\/span><\/p>\n<p style=\"margin-right: 0cm; margin-left: 0cm; font-size: 16px; font-family: 'Times New Roman','serif'; margin: 0cm; margin-bottom: .0001pt;\"><span style=\"color: #000000; font-family: Arial, Helvetica, sans-serif;\"><strong>Eduardo Ibarra Aguirre<\/strong><\/span><\/p>\n<p style=\"margin-right: 0cm; margin-left: 0cm; font-size: 16px; font-family: 'Times New Roman','serif'; margin: 0cm; margin-bottom: .0001pt;\"><span style=\"font-family: Arial, Helvetica, sans-serif; color: #000000;\">\u00a0<\/span><\/p>\n<p style=\"margin-right: 0cm; margin-left: 0cm; font-size: 16px; font-family: 'Times New Roman','serif'; margin: 0cm; margin-bottom: .0001pt; text-align: justify;\"><span style=\"font-family: Arial, Helvetica, sans-serif; color: #000000;\">Con seis lineamientos o acciones inmediatas de diverso corte, la presidenta Claudia Sheinbaum busca hacer frente al doloroso y antiguo problema de la desaparici\u00f3n forzada que adquiri\u00f3 dimensiones preocupantes con la denominada guerra sucia de los a\u00f1os 60-90 del siglo pasado, que se generaliz\u00f3 durante la \u201cguerra contra el narcotr\u00e1fico\u201d de Felipe Calder\u00f3n y su brazo derecho Genaro Garc\u00eda Luna, pero que \u201ctampoco logr\u00f3 contenerse\u201d con la Cuarta Transformaci\u00f3n de Andr\u00e9s Manuel L\u00f3pez Obrador y el segundo piso de aqu\u00e9lla, encabezado por la f\u00edsica de la Universidad Nacional Aut\u00f3noma de M\u00e9xico, si nos atenemos a las voceras de las madres buscadoras.<\/p>\n<p><\/span><\/p>\n<p style=\"margin-right: 0cm; margin-left: 0cm; font-size: 16px; font-family: 'Times New Roman','serif'; margin: 0cm; margin-bottom: .0001pt; text-align: justify; text-indent: 35.4pt;\"><span style=\"font-family: Arial, Helvetica, sans-serif; color: #000000;\">Hechos p\u00fablicos el lunes 17 \u2013tras las movilizaciones pac\u00edficas realizadas en 23 ciudades de 18 estados el s\u00e1bado 15, incluida la capital mexicana con sus habituales provocadores presuntamente al servicio del empeque\u00f1ecido e ineficaz PRIAN\u2013, los lineamientos presidenciales son:<\/p>\n<p><\/span><\/p>\n<p style=\"margin: 0cm; margin-bottom: .0001pt; font-size: 16px; font-family: 'Times New Roman','serif'; text-align: justify; text-indent: 35.4pt;\"><span style=\"font-family: Arial, Helvetica, sans-serif; color: #000000;\">El fortalecimiento institucional y tecnol\u00f3gico de la Comisi\u00f3n Nacional de B\u00fasqueda. La incorporaci\u00f3n de protocolos que para emitir alertas de b\u00fasqueda inmediata en todas las corporaciones y estados de M\u00e9xico. La equiparaci\u00f3n del delito de desaparici\u00f3n al de secuestro, con penas y procedimientos de investigaci\u00f3n homologados en todas las fiscal\u00edas estatales y la General de la Rep\u00fablica. La publicaci\u00f3n mensual de las cifras de carpetas de investigaci\u00f3n sobre desapariciones, y el refuerzo de la Comisi\u00f3n Ejecutiva de Atenci\u00f3n a V\u00edctimas.<\/p>\n<p><\/span><\/p>\n<p style=\"margin: 0cm; margin-bottom: .0001pt; font-size: 16px; font-family: 'Times New Roman','serif'; text-align: justify; text-indent: 35.4pt;\"><span style=\"font-family: Arial, Helvetica, sans-serif; color: #000000;\">Y el jueves 20 se enviar\u00e1n al Congreso las iniciativas de reforma a fin de consolidar el Certificado \u00danico de Registro de Poblaci\u00f3n como la fuente \u00fanica de identidad de las personas que permita cruzar con todos los registros administrativos que existen. Crear la Base Nacional \u00danica de Informaci\u00f3n Forense. Formar la Plataforma Nacional de Identificaci\u00f3n Humana y, tambi\u00e9n, fortalecer el Centro Nacional de Identificaci\u00f3n Humana, encargado de gestionar la plataforma.<\/p>\n<p><\/span><\/p>\n<p style=\"margin: 0cm; margin-bottom: .0001pt; font-size: 16px; font-family: 'Times New Roman','serif'; text-align: justify; text-indent: 35.4pt;\"><span style=\"font-family: Arial, Helvetica, sans-serif; color: #000000;\">Es una reacci\u00f3n sumamente plausible, aparte la pertinencia o no de los lineamientos que Sheinbaum Pardo present\u00f3 en d\u00eda de asueto ante un movimiento social que rechaza los padrinazgos e instrumentalizaci\u00f3n partidistas. Y m\u00e1s a\u00fan que la titular del Ejecutivo federal omiti\u00f3 los matices: \u201cNosotros siempre vamos a estar con las v\u00edctimas\u201d y el problema es \u201cprioridad nacional\u201d.<\/p>\n<p><\/span><\/p>\n<p style=\"margin: 0cm; margin-bottom: .0001pt; font-size: 16px; font-family: 'Times New Roman','serif'; text-align: justify; text-indent: 35.4pt;\"><span style=\"font-family: Arial, Helvetica, sans-serif; color: #000000;\">Compromisos que responden a la enorme pinta en el pavimento de Palacio Nacional, hecha por las madres buscadoras y sus familiares: \u201cPRESIDENTA: \u00bfAHORA S\u00cd NOS VE?\u201d, adem\u00e1s de palabras para ellas usuales: fosas, crematorios, centros de reclutamiento&#8230;<\/p>\n<p><\/span><\/p>\n<p style=\"margin: 0cm; margin-bottom: .0001pt; font-size: 16px; font-family: 'Times New Roman','serif'; text-align: justify; text-indent: 35.4pt;\"><span style=\"font-family: Arial, Helvetica, sans-serif; color: #000000;\">Otra demanda fue dirigida a Sheinbaum, \u201creconocer la existencia de la grave crisis de m\u00e1s de 120 mil personas desaparecidas\u201d. Hace pocos a\u00f1os la cuant\u00eda de los desaparecidos fue motivo de desencuentro entre el presidente AMLO y las madres buscadoras porque dif\u00edcilmente pueden ponerse n\u00fameros a una tragedia cuando las investigaciones familiares y gubernamentales est\u00e1n en curso y se carece de las capacidades humanas y tecnol\u00f3gicas.<\/p>\n<p><\/span><\/p>\n<p style=\"margin: 0cm; margin-bottom: .0001pt; font-size: 16px; font-family: 'Times New Roman','serif'; text-align: justify; text-indent: 35.4pt;\"><span style=\"font-family: Arial, Helvetica, sans-serif; color: #000000;\">Las madres y familiares buscadores fueron muy oportunas e inteligentes al recalcarle a do\u00f1a Claudia: \u201cNo nos mueve un proyecto pol\u00edtico\u201d; somos madres y padres, hermanos, hijos y amigos \u201cque buscamos con esperanzas y zozobra, varillas y u\u00f1as, a nuestros seres queridos\u201d. Adem\u00e1s de que \u201cante la omisi\u00f3n del Estado hemos asumido la responsabilidad y la carga de la b\u00fasqueda\u201d. Y la presidenta respondi\u00f3 que su reclamo es una prioridad nacional. Feliz convergencia que no quiere decir que el movimiento pierda su independencia, al contrario es preciso mantenerla.<\/p>\n<p><\/span><\/p>\n<p style=\"margin-right: 0cm; margin-left: 0cm; font-size: 16px; font-family: 'Times New Roman','serif'; margin: 0cm; margin-bottom: .0001pt; text-align: center;\"><span style=\"color: #000000; font-family: Arial, Helvetica, sans-serif;\"><strong>Acuse de recibo<\/p>\n<p><\/strong><\/span><\/p>\n<p style=\"margin: 0cm; margin-bottom: .0001pt; font-size: 16px; font-family: 'Times New Roman','serif'; text-align: justify;\"><span style=\"font-family: Arial, Helvetica, sans-serif; color: #000000;\">De Cuauht\u00e9moc Villamar: Ante los pron\u00f3sticos de la OCDE sobre la reducci\u00f3n del crecimiento de la econom\u00eda mexicana, varias lecciones que deber\u00edamos aprender: 1) No podemos seguir con el modelo de mercado \u00fanico, se agot\u00f3. 2) Es tiempo de pisar el acelerador al Plan M\u00e9xico que privilegia al mercado interno, el crecimiento viene de abajo, del consumo interno en alianza con la producci\u00f3n nacional. 3) Buscar la diversificaci\u00f3n del comercio y la inversi\u00f3n internacional, comenzando con Am\u00e9rica Latina. Es un proyecto de mediano a largo plazo. 4) Romper con las amenazas de bloqueo de EUA. El da\u00f1o del efecto Trump est\u00e1 a la vista y debemos enfrentarlo. M\u00e9xico encontrar\u00e1 aliados incluso en EUA. 5) Las universidades deben pensar en un nuevo modelo de desarrollo y realmente romper con las premisas heredadas del neoliberalismo\u201d\u2026 Gerardo Fern\u00e1ndez Noro\u00f1a sobre Alejandro Moreno: Recibi\u00f3 al PRI con 15 gobiernos estatales, 13 senadores y 45 diputados federales, y hoy bajo su direcci\u00f3n tiene dos gobernadores, 14 senadores, igual que el Partido Verde, y 35 diputados federales. De 9.2 millones de votos en 2018, pas\u00f3 a 5.4, y de 6.7 millones de militantes hoy tiene 1.4 millones\u2026 Elba P\u00e9rez Villalba: La pel\u00edcula <em>1938: cuando el petr\u00f3leo fue nuestro<\/em>, del director de cine mexicano de origen ruso, Sergio Olhovich, se estren\u00f3 el martes 18 de octubre en la Cineteca Nacional. \u00a1Felicitaciones para Sergio!\u201d<\/span><\/p>\n<p style=\"margin: 0cm; margin-bottom: .0001pt; font-size: 16px; font-family: 'Times New Roman','serif'; text-align: justify;\"><span style=\"color: #000000; font-family: Arial, Helvetica, sans-serif;\"><a href=\"http:\/\/www.forumenlinea.com\/\"><span style=\"font-size: 11px; text-decoration: none;\">http:\/\/www.forumenlinea.com\/<\/span><\/a><\/span><span style=\"font-size: 11px; font-family: Arial, Helvetica, sans-serif; color: #000000;\">\u00a0 \u00a0\u00a0<\/span><span style=\"color: #000000; font-family: Arial, Helvetica, sans-serif;\"><a href=\"mailto:forum@forumenlinea.com\"><span style=\"font-size: 11px; text-decoration: none;\">forum@forumenlinea.com<\/span><\/a><\/span><span style=\"font-size: 11px; font-family: Arial, Helvetica, sans-serif; color: #000000;\">\u00a0 \u00a0 @IbarraAguirreEd X<\/span><\/p>\n","protected":false},"excerpt":{"rendered":"<p>Utop\u00eda \u00a0 Acciones para una prioridad nacional \u00a0 Eduardo Ibarra Aguirre \u00a0 Con seis lineamientos o acciones inmediatas de diverso corte, la presidenta Claudia Sheinbaum busca hacer frente al doloroso y antiguo problema de la desaparici\u00f3n forzada que adquiri\u00f3 dimensiones preocupantes con la denominada guerra sucia de los a\u00f1os 60-90&#8230;<\/p>\n<div class=\"more-link-wrapper\"><a class=\"more-link\" href=\"https:\/\/forumenlinea.com\/?p=4430\">Continuar leyendo<span class=\"screen-reader-text\"><\/span><\/a><\/div>\n","protected":false},"author":1,"featured_media":0,"comment_status":"closed","ping_status":"closed","sticky":false,"template":"","format":"standard","meta":{"footnotes":""},"categories":[2],"tags":[],"class_list":["post-4430","post","type-post","status-publish","format-standard","hentry","category-utopia","entry"],"_links":{"self":[{"href":"https:\/\/forumenlinea.com\/index.php?rest_route=\/wp\/v2\/posts\/4430","targetHints":{"allow":["GET"]}}],"collection":[{"href":"https:\/\/forumenlinea.com\/index.php?rest_route=\/wp\/v2\/posts"}],"about":[{"href":"https:\/\/forumenlinea.com\/index.php?rest_route=\/wp\/v2\/types\/post"}],"author":[{"embeddable":true,"href":"https:\/\/forumenlinea.com\/index.php?rest_route=\/wp\/v2\/users\/1"}],"replies":[{"embeddable":true,"href":"https:\/\/forumenlinea.com\/index.php?rest_route=%2Fwp%2Fv2%2Fcomments&post=4430"}],"version-history":[{"count":2,"href":"https:\/\/forumenlinea.com\/index.php?rest_route=\/wp\/v2\/posts\/4430\/revisions"}],"predecessor-version":[{"id":4433,"href":"https:\/\/forumenlinea.com\/index.php?rest_route=\/wp\/v2\/posts\/4430\/revisions\/4433"}],"wp:attachment":[{"href":"https:\/\/forumenlinea.com\/index.php?rest_route=%2Fwp%2Fv2%2Fmedia&parent=4430"}],"wp:term":[{"taxonomy":"category","embeddable":true,"href":"https:\/\/forumenlinea.com\/index.php?rest_route=%2Fwp%2Fv2%2Fcategories&post=4430"},{"taxonomy":"post_tag","embeddable":true,"href":"https:\/\/forumenlinea.com\/index.php?rest_route=%2Fwp%2Fv2%2Ftags&post=4430"}],"curies":[{"name":"wp","href":"https:\/\/api.w.org\/{rel}","templated":true}]}}