{"id":4362,"date":"2025-02-26T14:32:02","date_gmt":"2025-02-26T14:32:02","guid":{"rendered":"https:\/\/forumenlinea.com\/?p=4362"},"modified":"2025-02-28T14:34:04","modified_gmt":"2025-02-28T14:34:04","slug":"4362","status":"publish","type":"post","link":"https:\/\/forumenlinea.com\/?p=4362","title":{"rendered":""},"content":{"rendered":"<p style=\"margin-right: 0cm; margin-left: 0cm; font-size: 16px; font-family: 'Times New Roman','serif'; margin: 0cm; margin-bottom: .0001pt; background: white;\"><span style=\"font-size: 19px; font-family: Arial, Helvetica, sans-serif; color: #000000;\">Utop\u00eda<\/span><\/p>\n<p style=\"margin-right: 0cm; margin-left: 0cm; font-size: 16px; font-family: 'Times New Roman','serif'; margin: 0cm; margin-bottom: .0001pt;\"><span style=\"font-family: Arial, Helvetica, sans-serif; color: #000000;\">\u00a0<\/span><\/p>\n<p style=\"margin-right: 0cm; margin-left: 0cm; font-size: 16px; font-family: 'Times New Roman','serif'; margin: 0cm; margin-bottom: .0001pt; text-align: center;\"><span style=\"font-family: Arial, Helvetica, sans-serif; color: #000000;\"><strong><span style=\"font-size: 24px;\">Sheinbaum, Trump y la cuenta regresiva<\/span><\/strong><\/span><\/p>\n<p style=\"margin-right: 0cm; margin-left: 0cm; font-size: 16px; font-family: 'Times New Roman','serif'; margin: 0cm; margin-bottom: .0001pt;\"><span style=\"font-family: Arial, Helvetica, sans-serif; color: #000000;\">\u00a0<\/span><\/p>\n<p style=\"margin-right: 0cm; margin-left: 0cm; font-size: 16px; font-family: 'Times New Roman','serif'; margin: 0cm; margin-bottom: .0001pt;\"><span style=\"font-family: Arial, Helvetica, sans-serif; color: #000000;\"><strong>Eduardo Ibarra Aguirre<\/strong><\/span><\/p>\n<p style=\"margin-right: 0cm; margin-left: 0cm; font-size: 16px; font-family: 'Times New Roman','serif'; margin: 0cm; margin-bottom: .0001pt;\"><span style=\"font-family: Arial, Helvetica, sans-serif; color: #000000;\">\u00a0<\/span><\/p>\n<p style=\"margin-right: 0cm; margin-left: 0cm; font-size: 16px; font-family: 'Times New Roman','serif'; margin: 0cm; margin-bottom: .0001pt; text-align: justify;\"><span style=\"font-family: Arial, Helvetica, sans-serif; color: #000000;\">Frente al anuncio de Donald John Trump, formulado en la Conferencia Pol\u00edtica de Acci\u00f3n Conservadora, elemento contextual que no puede obviarse porque all\u00ed es obligado mostrarse duro, intransigente: \u201cNo estoy contento con M\u00e9xico ni con Canad\u00e1\u201d, Claudia Sheinbaum dedic\u00f3 su discurso del D\u00eda de la Bandera, organizado por la Secretar\u00eda de la Defensa Nacional en el Campo Marte, para desplegar la posici\u00f3n principista de su gobierno en materia de soberan\u00eda nacional. Esto no implica indisposici\u00f3n a negociar en t\u00e9rminos pragm\u00e1ticos con la Casa Blanca, pero teniendo como l\u00edmite la autodeterminaci\u00f3n mexicana. Ella lo explico as\u00ed en la parte medular de su discurso:<\/p>\n<p><\/span><\/p>\n<p style=\"margin-right: 0cm; margin-left: 0cm; font-size: 16px; font-family: 'Times New Roman','serif'; margin: 0cm; margin-bottom: .0001pt; text-align: justify; text-indent: 35.4pt;\"><span style=\"font-family: Arial, Helvetica, sans-serif; color: #000000;\">\u201cYa no es como antes, que los gobiernos se arrodillaban ante autoridades extranjeras, o que miraban fuera como ejemplos a seguir; ahora, no. Desde que lleg\u00f3 la transformaci\u00f3n al gobierno es claro que reivindicamos: \u00a1A M\u00e9xico se le respeta, que no somos colonia ni protectorado de ning\u00fan pa\u00eds! Porque, adem\u00e1s, somos uno solo: gobierno, fuerzas armadas y pueblo&#8221;.<\/p>\n<p><\/span><\/p>\n<p style=\"margin-right: 0cm; margin-left: 0cm; font-size: 16px; font-family: 'Times New Roman','serif'; margin: 0cm; margin-bottom: .0001pt; text-align: justify; text-indent: 35.4pt;\"><span style=\"font-family: Arial, Helvetica, sans-serif; color: #000000;\">Y al explicar los prop\u00f3sitos de la reforma a los art\u00edculos 19 y 40 constitucionales que envi\u00f3 el jueves 20 al Congreso, subray\u00f3 que es \u201cpara recordar al mundo entero que somos un pa\u00eds libre, independiente y soberano, y que su pueblo no permite la violaci\u00f3n de su soberan\u00eda\u201d.<\/p>\n<p><\/span><\/p>\n<p style=\"margin-right: 0cm; margin-left: 0cm; font-size: 16px; font-family: 'Times New Roman','serif'; margin: 0cm; margin-bottom: .0001pt; text-align: justify; text-indent: 35.4pt;\"><span style=\"font-family: Arial, Helvetica, sans-serif; color: #000000;\">Explicaci\u00f3n que \u201cEstablece que el pueblo de M\u00e9xico, bajo ninguna circunstancia, aceptar\u00e1 intervenciones, intromisiones o cualquier otro acto, desde el extranjero, que sea lesivo de la integridad, independencia y soberan\u00eda de la naci\u00f3n, tales como: golpes de Estado, injerencias en elecciones o la violaci\u00f3n del territorio mexicano, sea por tierra, agua, mar o espacio a\u00e9reo\u201d. M\u00e1s todav\u00eda, \u201cTampoco consentir\u00e1 intervenci\u00f3n en investigaci\u00f3n y persecuci\u00f3n alguna sin la autorizaci\u00f3n y colaboraci\u00f3n expresa del Estado mexicano en el marco de las leyes aplicables\u201d.<\/p>\n<p><\/span><\/p>\n<p style=\"margin-right: 0cm; margin-left: 0cm; font-size: 16px; font-family: 'Times New Roman','serif'; margin: 0cm; margin-bottom: .0001pt; text-align: justify; text-indent: 35.4pt;\"><span style=\"font-family: Arial, Helvetica, sans-serif; color: #000000;\">Respuesta directa a su contraparte, aunque sea muy desigual pero no invencible como lo demostraron muchos pueblos y gobiernos a lo largo del siglo XX y lo que va del XXI, pero columnistas como Julio Hern\u00e1ndez prefieren refugiarse en un presunto \u201crealismo\u201d que los lleva a asegurar que \u201cTrump estira la liga cuanto puede y, en el caso de M\u00e9xico, ha ido ganando a lo largo de esta pausa de 30 d\u00edas que en principio fue festejada como un triunfo de la cabeza fr\u00eda de la presidenta de la Rep\u00fablica pero que, al paso del breve tiempo convenido, ha significado constantes concesiones al vecino, en aras de evitar conflictos mayores.\u201d Est\u00e1 muy bien ser cr\u00edtico, pero en pol\u00edtica los reduccionismos no ayudan y menos olvidar que hace un octenio M\u00e9xico vio esa pel\u00edcula.<\/p>\n<p><\/span><\/p>\n<p style=\"margin-right: 0cm; margin-left: 0cm; font-size: 16px; font-family: 'Times New Roman','serif'; margin: 0cm; margin-bottom: .0001pt; text-align: justify; text-indent: 35.4pt;\"><span style=\"font-family: Arial, Helvetica, sans-serif; color: #000000;\">El hecho es que dentro de seis d\u00edas vence la \u201cpausa\u201d para la imposici\u00f3n arancelaria a M\u00e9xico y Canad\u00e1, pero tampoco es para omitirse que m\u00e1s de 40 Estados europeos, asi\u00e1ticos y americanos anunciaron que est\u00e1n listos para corresponder en los mismos t\u00e9rminos al magnate que confunde al gobierno y el Estado gringos con un corporativo trasnacional, rodeado como est\u00e1 por los due\u00f1os del imperio en subrayado retroceso. Indicativa es la amenaza de imponer aranceles a Rusia si no firma un acuerdo de paz para Ucrania y fue risible que el Kremlin no se molest\u00f3 en contestar por la sencilla raz\u00f3n de que es el principal beneficiario.<\/p>\n<p><\/span><\/p>\n<p style=\"margin: 0cm; margin-bottom: .0001pt; font-size: 16px; font-family: 'Times New Roman','serif'; text-align: justify; text-indent: 35.4pt;\"><span style=\"font-family: Arial, Helvetica, sans-serif; color: #000000;\">En plena cuenta regresiva para que concluya la \u201cpausa\u201d de un mes (4-III), Sheinbaum Pardo conf\u00eda en que se alcance un acuerdo a m\u00e1s tardar el viernes dentro de las mesas de negociaci\u00f3n que encabeza Marcelo Ebrard. Y de ser necesario, buscar\u00e1 una nueva llamada con el presidente de USA.<\/p>\n<p><\/span><\/p>\n<p style=\"margin-right: 0cm; margin-left: 0cm; font-size: 16px; font-family: 'Times New Roman','serif'; margin: 0cm; margin-bottom: .0001pt; text-align: center;\"><span style=\"font-family: Arial, Helvetica, sans-serif; color: #000000;\"><strong>Acuse de recibo<\/p>\n<p><\/strong><\/span><\/p>\n<p style=\"margin: 0cm; margin-bottom: .0001pt; font-size: 16px; font-family: 'Times New Roman','serif'; text-align: justify;\"><span style=\"font-family: Arial, Helvetica, sans-serif; color: #000000;\">Sobre hospitales \u00c1ngeles de los Olegario V\u00e1zquez: \u201c750 pesos de estacionamiento por pasar la noche con mi padre convaleciente. Y ya ni hablemos de la cobija en mil pesos. \u00a1Son unos abusivos @hospitalangeles! Y tambi\u00e9n ustedes @Profeco por permitir el abuso ante la necesidad y emergencia. El infierno les espera. Alan Zuko @AlanZNavarro\u201d\u2026 \u201cGracias. Por la menci\u00f3n del libro en tu columna. Fuerte abrazo\u201d, dice Jos\u00e9 Sobrevilla, autor de <em>Los que preguntan al presidente<\/em> y que est\u00e1 a la venta en librer\u00edas Gandhi, con lo que respondo a la pregunta de Teresa Gil\u2026 Benito Collantes Mart\u00ednez informa en Tribuna Comunista sobre el fallecimiento del querido colaborador de Forum en L\u00ednea y docente Sergio G\u00f3mez Montero, militante comunista con y sin partido, avecindado en Ensenada, Baja California&#8230; Benito aprovecha el viaje para insistir en que la dirigencia del Partido Comunista Mexicano \u201caumentaba su confianza en la promesa del gobierno sobre una apertura democr\u00e1tica\u201d y que \u201cen (a) cambio, se otorgar\u00eda al PCM su registro legal para contender en las elecciones, siempre y cuando se ajustara al juego pol\u00edtico del r\u00e9gimen priista\u201d. No da un solo argumento\u2026 Recuerdo que me solicit\u00f3 apoyo period\u00edstico porque los comunistas o ex que laboraban en el Programa Nacional de Solidaridad, de Carlos Salinas, eran muy criticados por su origen.\u00a0<a href=\"https:\/\/drive.google.com\/file\/d\/1DM0zyPk_cmJI7ozoJrZUK21f7kxswqUx\/view?usp=sharing\" target=\"_blank\" rel=\"noopener\"><span style=\"font-size: 13px;\">https:\/\/drive.google.com\/file\/d\/1DM0zyPk_cmJI7ozoJrZUK21f7kxswqUx\/view?usp=sharing<\/span><\/a><\/span><\/p>\n<p style=\"margin: 0cm; margin-bottom: .0001pt; font-size: 16px; font-family: 'Times New Roman','serif'; text-align: justify;\"><span style=\"font-family: Arial, Helvetica, sans-serif; color: #000000;\"><a href=\"http:\/\/www.forumenlinea.com\/\"><span style=\"font-size: 11px; text-decoration: none;\">http:\/\/www.forumenlinea.com\/<\/span><\/a><\/span><span style=\"font-size: 11px; font-family: Arial, Helvetica, sans-serif; color: #000000;\">\u00a0 \u00a0\u00a0<\/span><span style=\"font-family: Arial, Helvetica, sans-serif; color: #000000;\"><a href=\"mailto:forum@forumenlinea.com\"><span style=\"font-size: 11px; text-decoration: none;\">forum@forumenlinea.com<\/span><\/a><\/span><span style=\"font-size: 11px; font-family: Arial, Helvetica, sans-serif; color: #000000;\">\u00a0 \u00a0 @IbarraAguirreEd X<\/span><\/p>\n","protected":false},"excerpt":{"rendered":"<p>Utop\u00eda \u00a0 Sheinbaum, Trump y la cuenta regresiva \u00a0 Eduardo Ibarra Aguirre \u00a0 Frente al anuncio de Donald John Trump, formulado en la Conferencia Pol\u00edtica de Acci\u00f3n Conservadora, elemento contextual que no puede obviarse porque all\u00ed es obligado mostrarse duro, intransigente: \u201cNo estoy contento con M\u00e9xico ni con Canad\u00e1\u201d, Claudia&#8230;<\/p>\n<div class=\"more-link-wrapper\"><a class=\"more-link\" href=\"https:\/\/forumenlinea.com\/?p=4362\">Continuar leyendo<span class=\"screen-reader-text\"><\/span><\/a><\/div>\n","protected":false},"author":1,"featured_media":0,"comment_status":"closed","ping_status":"closed","sticky":false,"template":"","format":"standard","meta":{"footnotes":""},"categories":[2],"tags":[],"class_list":["post-4362","post","type-post","status-publish","format-standard","hentry","category-utopia","entry"],"_links":{"self":[{"href":"https:\/\/forumenlinea.com\/index.php?rest_route=\/wp\/v2\/posts\/4362","targetHints":{"allow":["GET"]}}],"collection":[{"href":"https:\/\/forumenlinea.com\/index.php?rest_route=\/wp\/v2\/posts"}],"about":[{"href":"https:\/\/forumenlinea.com\/index.php?rest_route=\/wp\/v2\/types\/post"}],"author":[{"embeddable":true,"href":"https:\/\/forumenlinea.com\/index.php?rest_route=\/wp\/v2\/users\/1"}],"replies":[{"embeddable":true,"href":"https:\/\/forumenlinea.com\/index.php?rest_route=%2Fwp%2Fv2%2Fcomments&post=4362"}],"version-history":[{"count":1,"href":"https:\/\/forumenlinea.com\/index.php?rest_route=\/wp\/v2\/posts\/4362\/revisions"}],"predecessor-version":[{"id":4363,"href":"https:\/\/forumenlinea.com\/index.php?rest_route=\/wp\/v2\/posts\/4362\/revisions\/4363"}],"wp:attachment":[{"href":"https:\/\/forumenlinea.com\/index.php?rest_route=%2Fwp%2Fv2%2Fmedia&parent=4362"}],"wp:term":[{"taxonomy":"category","embeddable":true,"href":"https:\/\/forumenlinea.com\/index.php?rest_route=%2Fwp%2Fv2%2Fcategories&post=4362"},{"taxonomy":"post_tag","embeddable":true,"href":"https:\/\/forumenlinea.com\/index.php?rest_route=%2Fwp%2Fv2%2Ftags&post=4362"}],"curies":[{"name":"wp","href":"https:\/\/api.w.org\/{rel}","templated":true}]}}