{"id":4350,"date":"2025-02-12T14:16:34","date_gmt":"2025-02-12T14:16:34","guid":{"rendered":"https:\/\/forumenlinea.com\/?p=4350"},"modified":"2025-02-28T14:18:46","modified_gmt":"2025-02-28T14:18:46","slug":"4350","status":"publish","type":"post","link":"https:\/\/forumenlinea.com\/?p=4350","title":{"rendered":""},"content":{"rendered":"<p style=\"margin-right: 0cm; margin-left: 0cm; font-size: 16px; font-family: 'Times New Roman','serif'; margin: 0cm; margin-bottom: .0001pt;\"><span style=\"font-size: 19px; font-family: Arial, Helvetica, sans-serif; color: #000000;\">Utop\u00eda<\/span><\/p>\n<p style=\"margin-right: 0cm; margin-left: 0cm; font-size: 16px; font-family: 'Times New Roman','serif'; margin: 0cm; margin-bottom: .0001pt;\"><span style=\"font-family: Arial, Helvetica, sans-serif; color: #000000;\">\u00a0<\/span><\/p>\n<p style=\"margin-right: 0cm; margin-left: 0cm; font-size: 16px; font-family: 'Times New Roman','serif'; margin: 0cm; margin-bottom: .0001pt; text-align: center;\"><span style=\"font-family: Arial, Helvetica, sans-serif; color: #000000;\"><strong><span style=\"font-size: 24px;\">Afinan cr\u00edticas sobre inseguridad p\u00fablica<\/span><\/strong><\/span><\/p>\n<p style=\"margin-right: 0cm; margin-left: 0cm; font-size: 16px; font-family: 'Times New Roman','serif'; margin: 0cm; margin-bottom: .0001pt;\"><span style=\"font-family: Arial, Helvetica, sans-serif; color: #000000;\">\u00a0<\/span><\/p>\n<p style=\"margin-right: 0cm; margin-left: 0cm; font-size: 16px; font-family: 'Times New Roman','serif'; margin: 0cm; margin-bottom: .0001pt;\"><span style=\"font-family: Arial, Helvetica, sans-serif; color: #000000;\"><strong>Eduardo Ibarra Aguirre<\/strong><\/span><\/p>\n<p style=\"margin-right: 0cm; margin-left: 0cm; font-size: 16px; font-family: 'Times New Roman','serif'; margin: 0cm; margin-bottom: .0001pt;\"><span style=\"font-family: Arial, Helvetica, sans-serif; color: #000000;\">\u00a0<\/span><\/p>\n<p style=\"margin-right: 0cm; margin-left: 0cm; font-size: 16px; font-family: 'Times New Roman','serif'; margin: 0cm; margin-bottom: .0001pt; text-align: justify;\"><span style=\"font-family: Arial, Helvetica, sans-serif; color: #000000;\">Conforme los resultados en el abatimiento de la inseguridad p\u00fablica son m\u00e1s n\u00edtidos, m\u00e1s complicados de refutarse con argumentos igualmente claros, las oposiciones, as\u00ed en plural porque son muchas y diversas, afinan cr\u00edticas y objeciones y anuncian que presentar\u00e1n una propuesta de reforma que establezca reglas y formatos en la presentaci\u00f3n de c\u00e1lculos de incidencia en homicidios para evitar \u201cmanipulaci\u00f3n en las cifras\u201d, al decir de Jorge Romero, presidente de Acci\u00f3n Nacional y presunto jefe del denominado \u201cc\u00e1rtel inmobiliario\u201d capitalino; as\u00ed como los coordinadores parlamentarios El\u00edas Lixa, de los diputados, y Ricardo Anaya, de los senadores.<\/p>\n<p><\/span><\/p>\n<p style=\"margin-right: 0cm; margin-left: 0cm; font-size: 16px; font-family: 'Times New Roman','serif'; margin: 0cm; margin-bottom: .0001pt; text-align: justify; text-indent: 35.4pt;\"><span style=\"font-family: Arial, Helvetica, sans-serif; color: #000000;\">Anaya, el presunto pr\u00f3fugo de la justicia en Estados Unidos hasta que la dirigencia de su partido le asign\u00f3 una senadur\u00eda, sostiene que cuando el gobierno federal report\u00f3 una disminuci\u00f3n de 16% en homicidios, se us\u00f3 una \u201cl\u00e1mina plagada de trampas. La primera es que eligieron de manera arbitraria dos meses, los que a ellos se les peg\u00f3 la gana. Diciembre contra septiembre, lo cual va contra cualquier norma estad\u00edstica, porque se est\u00e1n comparando peras con manzanas\u201d.<\/p>\n<p><\/span><\/p>\n<p style=\"margin-right: 0cm; margin-left: 0cm; font-size: 16px; font-family: 'Times New Roman','serif'; margin: 0cm; margin-bottom: .0001pt; text-align: justify; text-indent: 35.4pt;\"><span style=\"font-family: Arial, Helvetica, sans-serif; color: #000000;\">Bien por la denuncia y la iniciativa de ley del otrora joven promesa de la pol\u00edtica del PRIAN con Enrique Pe\u00f1a Nieto hasta el punto de aprobarle todas las \u201creformas estructurales\u201d, pero ya en la campa\u00f1a presidencial de 2018 cometi\u00f3 el torpe error de ostentar \u201cyo lo meter\u00e9 a la c\u00e1rcel\u201d cual presidente aut\u00f3crata \u2013a lo Donald Trump, sin\u00f3nimo de corrupto dictador imperialista\u2013 y entonces lo citaron a la Procuradur\u00eda General de la Rep\u00fablica y al ser derrotado ampl\u00edsimamente en las urnas, huy\u00f3 c\u00f3modamente a USA.<\/p>\n<p><\/span><\/p>\n<p style=\"margin-right: 0cm; margin-left: 0cm; font-size: 16px; font-family: 'Times New Roman','serif'; margin: 0cm; margin-bottom: .0001pt; text-align: justify; text-indent: 35.4pt;\"><span style=\"font-family: Arial, Helvetica, sans-serif; color: #000000;\">Pero que mal que el tr\u00edo de panistas j\u00f3venes en 2006-2012, aplaudi\u00f3 hasta el enrojecimiento de las manos la estrepitosamente fracasada \u201cguerra contra el narcotr\u00e1fico\u201d que someti\u00f3 al silencio a la dictadura medi\u00e1tica con pautas publicitarias respecto de las cifras y los cr\u00edmenes cometidos por el gran jefe Genaro Garc\u00eda Luna que hoy cumple una sentencia de 38 a\u00f1os por tr\u00e1fico de drogas en EUA.<\/p>\n<p><\/span><\/p>\n<p style=\"margin-right: 0cm; margin-left: 0cm; font-size: 16px; font-family: 'Times New Roman','serif'; margin: 0cm; margin-bottom: .0001pt; text-align: justify; text-indent: 35.4pt;\"><span style=\"font-family: Arial, Helvetica, sans-serif; color: #000000;\">Es una l\u00e1stima que no tengan el n\u00famero de votos suficientes en las dos c\u00e1maras para aprobar las iniciativas, pues de lo que se trata es de borrar un poquito la imagen de opositores m\u00e1s que sist\u00e9micos, contreras; si se tratara de sacar adelante las dos propuestas primero las negociar\u00edan con sus pares del Revolucionario y Ciudadano, \u201cla fuerza\u201d dizque joven, e incluso con la mayor\u00eda legislativa.<\/p>\n<p><\/span><\/p>\n<p style=\"margin-right: 0cm; margin-left: 0cm; font-size: 16px; font-family: 'Times New Roman','serif'; margin: 0cm; margin-bottom: .0001pt; text-align: justify; text-indent: 35.4pt;\"><span style=\"font-family: Arial, Helvetica, sans-serif; color: #000000;\">No es casualidad que en la misma l\u00ednea del golpeteo y la manipulaci\u00f3n desinformativa, Ciro G\u00f3mez Leyva ponga en duda la veracidad de las plausible cifras de enero que en materia de homicidios dolosos son las m\u00e1s bajas en ocho a\u00f1os, y sabedor de que su credibilidad no est\u00e1 en el mejor momento, las acepta pero, dice, siguen siendo muy altas, a lo cual contribuye con su trabajo de privilegiar la nota roja por encima de todo y enaltecer el modo de vida de capos y lugartenientes.<\/p>\n<p><\/span><\/p>\n<p style=\"margin-right: 0cm; margin-left: 0cm; font-size: 16px; font-family: 'Times New Roman','serif'; margin: 0cm; margin-bottom: .0001pt; text-align: justify; text-indent: 35.4pt;\"><span style=\"font-family: Arial, Helvetica, sans-serif; color: #000000;\">\u201cPartidizar\u201d la inseguridad \u2013que no es lo mismo que \u201cpolitizar\u201d, pues todo lo p\u00fablico es pol\u00edtico\u2013 constituye una p\u00e9sima apuesta que s\u00f3lo favorece al crimen organizado y a quienes desde la Casa Blanca, el Departamento de Estado y el Pent\u00e1gono la utilizan como arma de la geopol\u00edtica imperial hacia Am\u00e9rica Latina y para justificar la severa crisis de salud p\u00fablica y social que padece Estados Unidos, en particular con el fentanilo que multiplic\u00f3 el n\u00famero de consumidores bajo el primer gobierno de Trump y que lo introducen al vigoroso mercado gringo ciudadanos estadunidenses en m\u00e1s de 80%, pero con apellidos hispanos.<\/p>\n<p><\/span><\/p>\n<p style=\"margin-right: 0cm; margin-left: 0cm; font-size: 16px; font-family: 'Times New Roman','serif'; margin: 0cm; margin-bottom: .0001pt; text-align: center;\"><span style=\"font-family: Arial, Helvetica, sans-serif; color: #000000;\"><strong>Acuse de recibo<\/p>\n<p><\/strong><\/span><\/p>\n<p style=\"margin: 0cm; margin-bottom: .0001pt; font-size: 16px; font-family: 'Times New Roman','serif'; text-align: justify;\"><span style=\"font-family: Arial, Helvetica, sans-serif; color: #000000;\">El doctor Santiago Nieto Castillo es ahora d<em><span style=\"font-style: normal;\">irector general del Instituto Mexicano de la Propiedad Industrial y como tal declar\u00f3 que se destruir\u00e1n las mercanc\u00edas confiscadas a comerciantes que las expend\u00edan ilegalmente porque se consideraron \u201cfayuca\u201d y que a petici\u00f3n de la c\u00e1mara textil ser\u00e1n destruidas\u2026 \u00bfNo sabe el jurista y doctor que M\u00e9xico tiene todav\u00eda a millones de paisanos en la pobreza extrema? \u00bfLos afectados por el contrabando carecen del m\u00e1s elemental sentido com\u00fan para destinarlas a las regiones m\u00e1s pobres de M\u00e9xico, como lo hizo Obrador?&#8230; Se requiere ser demasiado mezquino y bur\u00f3crata para proceder de esta manera, dicho con todo respeto\u2026\u00a0<\/span><\/em>\u201cM\u00e1s que c\u00e1ndida es peligrosa la propuesta de Alejandro Gallardo de que los que considera aliados penetren en el pa\u00eds invitados por el gobierno, y se lancen contra los c\u00e1rteles. Y la da el muy torpe, en el momento en que la presidenta Claudia Sheinbaum se\u00f1ala que contra \u00a0la soberan\u00eda del pa\u00eds nada, ni nadie\u201d; apunta la periodista Teresa Gil a prop\u00f3sito de la cr\u00edtica hecha aqu\u00ed:\u00a0<a href=\"https:\/\/laregiontam.com.mx\/2025\/02\/09\/preguntas-muy-incomodas-para-trump\/\">https:\/\/laregiontam.com.mx\/2025\/02\/09\/preguntas-muy-incomodas-para-trump\/<\/a> (\u2026) <\/span><span style=\"font-family: Arial, Helvetica, sans-serif; color: #000000;\">\u201c\u00a1Por la paz en el mundo! Fueron liberados tres rehenes, hombres, y 183 presos palestinos. Los primeros en malas condiciones f\u00edsicas, parec\u00edan gazat\u00edes, y algunos de los segundos en tan mal estado, que de inmediato fueron conducidos al hospital. \u00a1La gran tragedia humana!\u201d: doctora Elba P\u00e9rez Villalba.<\/span><\/p>\n<p style=\"margin: 0cm; margin-bottom: .0001pt; font-size: 16px; font-family: 'Times New Roman','serif'; text-align: justify;\"><span style=\"font-family: Arial, Helvetica, sans-serif; color: #000000;\"><a href=\"http:\/\/www.forumenlinea.com\/\"><span style=\"font-size: 11px; text-decoration: none;\">http:\/\/www.forumenlinea.com\/<\/span><\/a><\/span><span style=\"font-size: 11px; font-family: Arial, Helvetica, sans-serif; color: #000000;\">\u00a0 \u00a0\u00a0<\/span><span style=\"font-family: Arial, Helvetica, sans-serif; color: #000000;\"><a href=\"mailto:forum@forumenlinea.com\"><span style=\"font-size: 11px; text-decoration: none;\">forum@forumenlinea.com<\/span><\/a><\/span><span style=\"font-size: 11px; font-family: Arial, Helvetica, sans-serif; color: #000000;\">\u00a0 \u00a0 @IbarraAguirreEd X<\/span><\/p>\n","protected":false},"excerpt":{"rendered":"<p>Utop\u00eda \u00a0 Afinan cr\u00edticas sobre inseguridad p\u00fablica \u00a0 Eduardo Ibarra Aguirre \u00a0 Conforme los resultados en el abatimiento de la inseguridad p\u00fablica son m\u00e1s n\u00edtidos, m\u00e1s complicados de refutarse con argumentos igualmente claros, las oposiciones, as\u00ed en plural porque son muchas y diversas, afinan cr\u00edticas y objeciones y anuncian que&#8230;<\/p>\n<div class=\"more-link-wrapper\"><a class=\"more-link\" href=\"https:\/\/forumenlinea.com\/?p=4350\">Continuar leyendo<span class=\"screen-reader-text\"><\/span><\/a><\/div>\n","protected":false},"author":1,"featured_media":0,"comment_status":"closed","ping_status":"closed","sticky":false,"template":"","format":"standard","meta":{"footnotes":""},"categories":[2],"tags":[],"class_list":["post-4350","post","type-post","status-publish","format-standard","hentry","category-utopia","entry"],"_links":{"self":[{"href":"https:\/\/forumenlinea.com\/index.php?rest_route=\/wp\/v2\/posts\/4350","targetHints":{"allow":["GET"]}}],"collection":[{"href":"https:\/\/forumenlinea.com\/index.php?rest_route=\/wp\/v2\/posts"}],"about":[{"href":"https:\/\/forumenlinea.com\/index.php?rest_route=\/wp\/v2\/types\/post"}],"author":[{"embeddable":true,"href":"https:\/\/forumenlinea.com\/index.php?rest_route=\/wp\/v2\/users\/1"}],"replies":[{"embeddable":true,"href":"https:\/\/forumenlinea.com\/index.php?rest_route=%2Fwp%2Fv2%2Fcomments&post=4350"}],"version-history":[{"count":2,"href":"https:\/\/forumenlinea.com\/index.php?rest_route=\/wp\/v2\/posts\/4350\/revisions"}],"predecessor-version":[{"id":4353,"href":"https:\/\/forumenlinea.com\/index.php?rest_route=\/wp\/v2\/posts\/4350\/revisions\/4353"}],"wp:attachment":[{"href":"https:\/\/forumenlinea.com\/index.php?rest_route=%2Fwp%2Fv2%2Fmedia&parent=4350"}],"wp:term":[{"taxonomy":"category","embeddable":true,"href":"https:\/\/forumenlinea.com\/index.php?rest_route=%2Fwp%2Fv2%2Fcategories&post=4350"},{"taxonomy":"post_tag","embeddable":true,"href":"https:\/\/forumenlinea.com\/index.php?rest_route=%2Fwp%2Fv2%2Ftags&post=4350"}],"curies":[{"name":"wp","href":"https:\/\/api.w.org\/{rel}","templated":true}]}}