{"id":4326,"date":"2025-01-27T20:57:00","date_gmt":"2025-01-27T20:57:00","guid":{"rendered":"https:\/\/forumenlinea.com\/?p=4326"},"modified":"2025-02-04T09:02:57","modified_gmt":"2025-02-04T09:02:57","slug":"4326","status":"publish","type":"post","link":"https:\/\/forumenlinea.com\/?p=4326","title":{"rendered":""},"content":{"rendered":"<p style=\"margin-right: 0cm; margin-left: 0cm; font-size: 16px; font-family: 'Times New Roman','serif'; margin: 0cm; margin-bottom: .0001pt;\"><span style=\"font-size: 19px; font-family: Arial, Helvetica, sans-serif; color: #000000;\">Utop\u00eda<\/span><\/p>\n<p style=\"margin-right: 0cm; margin-left: 0cm; font-size: 16px; font-family: 'Times New Roman','serif'; margin: 0cm; margin-bottom: .0001pt;\"><span style=\"font-family: Arial, Helvetica, sans-serif; color: #000000;\">\u00a0<\/span><\/p>\n<p style=\"margin-right: 0cm; margin-left: 0cm; font-size: 16px; font-family: 'Times New Roman','serif'; margin: 0cm; margin-bottom: .0001pt; text-align: center;\"><span style=\"font-family: Arial, Helvetica, sans-serif; color: #000000;\"><strong><span style=\"font-size: 24px;\">Repatriados de EU al IMSS por tres meses<\/span><\/strong><\/span><\/p>\n<p style=\"margin-right: 0cm; margin-left: 0cm; font-size: 16px; font-family: 'Times New Roman','serif'; margin: 0cm; margin-bottom: .0001pt;\"><span style=\"font-family: Arial, Helvetica, sans-serif; color: #000000;\">\u00a0<\/span><\/p>\n<p style=\"margin-right: 0cm; margin-left: 0cm; font-size: 16px; font-family: 'Times New Roman','serif'; margin: 0cm; margin-bottom: .0001pt;\"><span style=\"font-family: Arial, Helvetica, sans-serif; color: #000000;\"><strong>Eduardo Ibarra Aguirre<\/strong><\/span><\/p>\n<p style=\"margin-right: 0cm; margin-left: 0cm; font-size: 16px; font-family: 'Times New Roman','serif'; margin: 0cm; margin-bottom: .0001pt;\"><span style=\"font-family: Arial, Helvetica, sans-serif; color: #000000;\">\u00a0<\/span><\/p>\n<p style=\"margin-right: 0cm; margin-left: 0cm; font-size: 16px; font-family: 'Times New Roman','serif'; margin: 0cm; margin-bottom: .0001pt; text-align: justify;\"><span style=\"font-family: Arial, Helvetica, sans-serif; color: #000000;\">Ya es oficial y obligatorio que el Instituto Mexicano del Seguro Social deber\u00e1 atender a los mexicanos repatriados de Estados Unidos durante tres meses, de acuerdo con el decreto firmado por la presidenta \u201ccon A\u201d \u2013lo que tanto irrita al muy conservador colega y solidario Carlos Ramos Padilla\u2013, Claudia Sheinbaum Pardo, y publicado en la edici\u00f3n vespertina del viernes 24 del Diario Oficial de la Federaci\u00f3n.<\/p>\n<p><\/span><\/p>\n<p style=\"margin-right: 0cm; margin-left: 0cm; font-size: 16px; font-family: 'Times New Roman','serif'; margin: 0cm; margin-bottom: .0001pt; text-align: justify; text-indent: 35.4pt;\"><span style=\"font-family: Arial, Helvetica, sans-serif; color: #000000;\">Nadie, o casi, si acaso los racistas consumados, se opondr\u00e1n a la plausible decisi\u00f3n del gobierno del segundo piso de la Cuarta Transformaci\u00f3n, y que forma parte del pertinente programa M\u00e9xico te abraza, ante la embestida m\u00e1s declarativa y propagand\u00edstica de Donald Trump en contra de millones de indocumentados que viven, trabajan, aportan mucho a la econom\u00eda estadunidense y hasta pagan impuestos desde hace a\u00f1os, lustros y hasta d\u00e9cadas, en la Uni\u00f3n Americana.<\/p>\n<p><\/span><\/p>\n<p style=\"margin-right: 0cm; margin-left: 0cm; font-size: 16px; font-family: 'Times New Roman','serif'; margin: 0cm; margin-bottom: .0001pt; text-align: justify; text-indent: 35.4pt;\"><span style=\"font-family: Arial, Helvetica, sans-serif; color: #000000;\">S\u00ed, por lo menos hasta hoy es demasiada y costosa la propaganda, mucho ruido y pocas nueces, lo que en materia de indocumentados, \u201cilegales\u201d los llama Donald John, tres veces casado con inmigrantes y su propia se\u00f1ora madre \u2013que s\u00ed tiene aunque parezca lo contrario\u2013 lleg\u00f3 de Escocia.<\/p>\n<p><\/span><\/p>\n<p style=\"margin-right: 0cm; margin-left: 0cm; font-size: 16px; font-family: 'Times New Roman','serif'; margin: 0cm; margin-bottom: .0001pt; text-align: justify; text-indent: 35.4pt;\"><span style=\"font-family: Arial, Helvetica, sans-serif; color: #000000;\">El pomposamente llamado \u201czar de la frontera\u201d, Tom Homan, lo reconoce con todas sus letras de la siguiente manera: El gobierno de Donaldo Juan no tiene el presupuesto necesario para expulsar de EU a todos los migrantes indocumentados que quisiera de acuerdo con su plan, por lo que el \u00e9xito de la prometida deportaci\u00f3n masiva \u201cva a depender de lo que nos proporcione el Congreso\u201d, y su objetivo es \u201celiminar de la calle tantas amenazas a la seguridad p\u00fablica como sea posible\u201d; jura el zar (aut\u00f3crata) de talante gorilesco, con todo respeto a los primates herb\u00edvoros.<\/p>\n<p><\/span><\/p>\n<p style=\"margin-right: 0cm; margin-left: 0cm; font-size: 16px; font-family: 'Times New Roman','serif'; margin: 0cm; margin-bottom: .0001pt; text-align: justify; text-indent: 35.4pt;\"><span style=\"font-family: Arial, Helvetica, sans-serif; color: #000000;\">Sean peras o manzanas, que en la comentocracia de la dictadura medi\u00e1tica suelen confundirse en lo que presentan como an\u00e1lisis, el gobierno mexicano no puede y no debe cruzarse de brazos, est\u00e1 obligado a ser previsor aunque la tradici\u00f3n sea la opuesta, la del \u201cbomberazo\u201d o \u201cera para ayer\u201d. Y m\u00e1s todav\u00eda en trat\u00e1ndose de los hombres y mujeres que m\u00e1s billetes verdes inyectan a la econom\u00eda nacional, v\u00eda remesas para sus familiares; en tanto que a la estadunidense aportan ocho veces m\u00e1s que a la mexicana.<\/p>\n<p><\/span><\/p>\n<p style=\"margin-right: 0cm; margin-left: 0cm; font-size: 16px; font-family: 'Times New Roman','serif'; margin: 0cm; margin-bottom: .0001pt; text-align: justify; text-indent: 35.4pt;\"><span style=\"font-family: Arial, Helvetica, sans-serif; color: #000000;\">Es un gran acierto el decreto presidencial que otorga al IMSS 15 largos d\u00edas para que Zoe Robledo y su equipo directivo emita las reglas para el otorgamiento de estas prestaciones en especie en favor de connacionales expulsados por Washington, que reza as\u00ed:<\/p>\n<p><\/span><\/p>\n<p style=\"margin: 0cm; margin-bottom: .0001pt; font-size: 16px; font-family: 'Times New Roman','serif'; text-align: justify; text-indent: 35.4pt;\"><span style=\"font-family: Arial, Helvetica, sans-serif; color: #000000;\">\u201cSe incorpora al r\u00e9gimen obligatorio del IMSS, por razones humanitarias y de solidaridad social, a los mexicanos que sean repatriados de Estados Unidos y a sus beneficiarios legales\u201d. Y explica que las prestaciones en especie del seguro de enfermedades y maternidad, materia del decreto, incluyen la asistencia m\u00e9dico-quir\u00fargica, farmac\u00e9utica, hospitalaria y obst\u00e9trica.<\/p>\n<p><\/span><\/p>\n<p style=\"margin: 0cm; margin-bottom: .0001pt; font-size: 16px; font-family: 'Times New Roman','serif'; text-align: justify; text-indent: 35.4pt;\"><span style=\"font-family: Arial, Helvetica, sans-serif; color: #000000;\">Solamente que existe un peque\u00f1o problema, las unidades de medicina familiar, los hospitales generales de zona y los hospitales nacionales est\u00e1n saturados, padecen un grave rezago en detrimento de los derechohabientes, la oportunidad y la calidad de sus servicios, para no hablar de la calidez.<\/p>\n<p><\/span><\/p>\n<p style=\"margin: 0cm; margin-bottom: .0001pt; font-size: 16px; font-family: 'Times New Roman','serif'; text-align: justify; text-indent: 35.4pt;\"><span style=\"font-family: Arial, Helvetica, sans-serif; color: #000000;\">A t\u00edtulo de ejemplo, un pase al especialista que no es f\u00e1cil obtener y ya conseguido es preciso esperar entre 40 y 45 d\u00edas para la consulta en el IMSS y en el ISSSTE puede rebasar los dos meses.<\/p>\n<p><\/span><\/p>\n<p style=\"margin: 0cm; margin-bottom: .0001pt; font-size: 16px; font-family: 'Times New Roman','serif'; text-align: justify; text-indent: 35.4pt;\"><span style=\"font-family: Arial, Helvetica, sans-serif; color: #000000;\">Solidaridad con los paisanos s\u00ed, pero tambi\u00e9n mayores y mejores inversiones en el sector salud sin que la corrupci\u00f3n sindical y administrativa las desv\u00ede o devore.<\/p>\n<p><\/span><\/p>\n<p style=\"margin-right: 0cm; margin-left: 0cm; font-size: 16px; font-family: 'Times New Roman','serif'; margin: 0cm; margin-bottom: .0001pt; text-align: center;\"><span style=\"font-family: Arial, Helvetica, sans-serif; color: #000000;\"><strong>Acuse de recibo<\/p>\n<p><\/strong><\/span><\/p>\n<p style=\"margin: 0cm; margin-bottom: .0001pt; font-size: 16px; font-family: 'Times New Roman','serif'; text-align: justify;\"><span style=\"font-family: Arial, Helvetica, sans-serif; color: #000000;\">\u201cCuando charla, Francisco Labastida se toma un tiempo, m\u00ednimo ciertamente, antes de exponer una idea, como poniendo en duda lo que iba a decir, quiz\u00e1 sometiendo a examen sus propias certezas. Esa actitud debi\u00f3 guiarlo en su brillante carrera p\u00fablica, pues cobr\u00f3 fama de funcionario cordial, pero firme, anal\u00edtico, decidido y generalmente acertado\u201d. Hermosa pincelada de Humberto Musacchio sobre el derrotado primer candidato presidencial del PRI, en el a\u00f1o 2000, por un gran pacto del PRIAN, denuncia b\u00e1sica contenida en libro de Labastida, <em>La duda sistem\u00e1tica,<\/em> y que el enciclopedista omite.\u00a0<a href=\"https:\/\/periodistasunidos.com.mx\/opinion\/la-duda-sistematica\/\">https:\/\/periodistasunidos.com.mx\/opinion\/la-duda-sistematica\/<\/a><\/span><span style=\"color: #000000; text-decoration: underline;\"><span style=\"font-family: Arial, Helvetica, sans-serif; text-decoration: none;\"> (\u2026) <\/span><\/span><span style=\"font-family: Arial, Helvetica, sans-serif; color: #000000;\">Un juez de control del Centro de Justicia Penal Federal, en Ciudad Ju\u00e1rez, concedi\u00f3 al comisionado del Instituto Nacional de Migraci\u00f3n, Francisco Gardu\u00f1o Y\u00e1\u00f1ez, suspensi\u00f3n condicional del proceso penal en su contra por el incendio de la estancia migratoria del puente internacional Lerdo, donde la noche del 27 de marzo de 2023 murieron 40 extranjeros y 27 resultaron lesionados, pero deber\u00e1 cumplir una serie de condiciones; de acuerdo con La Jornada (26-I-25). En la v\u00edspera, el funcionario se pavoneaba declarando: \u201cVisitar\u00e9 a mi amigo Andr\u00e9s Manuel L\u00f3pez Obrador\u201d\u2026 Muna Dora Buchah\u00edn denuncia la venta de plazas en el IMSS a cargo del sindicato.\u00a0<a href=\"https:\/\/www.sinembargo.mx\/4587250\/entrevista-%C2%AC-siguen-las-denuncias-corrupcion-y-venta-de-plazas-en-el-imss-muna-dora\/\">https:\/\/www.sinembargo.mx\/4587250\/entrevista-%C2%AC-siguen-las-denuncias-corrupcion-y-venta-de-plazas-en-el-imss-muna-dora\/<\/a><\/p>\n<p><\/span><\/p>\n<p style=\"margin: 0cm; margin-bottom: .0001pt; font-size: 16px; font-family: 'Times New Roman','serif'; text-align: justify;\"><span style=\"font-family: Arial, Helvetica, sans-serif; color: #000000;\"><a href=\"http:\/\/www.forumenlinea.com\/\"><span style=\"font-size: 11px; text-decoration: none;\">http:\/\/www.forumenlinea.com\/<\/span><\/a><\/span><span style=\"font-size: 11px; font-family: Arial, Helvetica, sans-serif; color: #000000;\">\u00a0 \u00a0\u00a0<\/span><span style=\"font-family: Arial, Helvetica, sans-serif; color: #000000;\"><a href=\"mailto:forum@forumenlinea.com\"><span style=\"font-size: 11px; text-decoration: none;\">forum@forumenlinea.com<\/span><\/a><\/span><span style=\"font-size: 11px; font-family: Arial, Helvetica, sans-serif; color: #000000;\">\u00a0 \u00a0 @IbarraAguirreEd X<\/span><\/p>\n","protected":false},"excerpt":{"rendered":"<p>Utop\u00eda \u00a0 Repatriados de EU al IMSS por tres meses \u00a0 Eduardo Ibarra Aguirre \u00a0 Ya es oficial y obligatorio que el Instituto Mexicano del Seguro Social deber\u00e1 atender a los mexicanos repatriados de Estados Unidos durante tres meses, de acuerdo con el decreto firmado por la presidenta \u201ccon A\u201d&#8230;<\/p>\n<div class=\"more-link-wrapper\"><a class=\"more-link\" href=\"https:\/\/forumenlinea.com\/?p=4326\">Continuar leyendo<span class=\"screen-reader-text\"><\/span><\/a><\/div>\n","protected":false},"author":1,"featured_media":0,"comment_status":"closed","ping_status":"closed","sticky":false,"template":"","format":"standard","meta":{"footnotes":""},"categories":[2],"tags":[],"class_list":["post-4326","post","type-post","status-publish","format-standard","hentry","category-utopia","entry"],"_links":{"self":[{"href":"https:\/\/forumenlinea.com\/index.php?rest_route=\/wp\/v2\/posts\/4326","targetHints":{"allow":["GET"]}}],"collection":[{"href":"https:\/\/forumenlinea.com\/index.php?rest_route=\/wp\/v2\/posts"}],"about":[{"href":"https:\/\/forumenlinea.com\/index.php?rest_route=\/wp\/v2\/types\/post"}],"author":[{"embeddable":true,"href":"https:\/\/forumenlinea.com\/index.php?rest_route=\/wp\/v2\/users\/1"}],"replies":[{"embeddable":true,"href":"https:\/\/forumenlinea.com\/index.php?rest_route=%2Fwp%2Fv2%2Fcomments&post=4326"}],"version-history":[{"count":1,"href":"https:\/\/forumenlinea.com\/index.php?rest_route=\/wp\/v2\/posts\/4326\/revisions"}],"predecessor-version":[{"id":4327,"href":"https:\/\/forumenlinea.com\/index.php?rest_route=\/wp\/v2\/posts\/4326\/revisions\/4327"}],"wp:attachment":[{"href":"https:\/\/forumenlinea.com\/index.php?rest_route=%2Fwp%2Fv2%2Fmedia&parent=4326"}],"wp:term":[{"taxonomy":"category","embeddable":true,"href":"https:\/\/forumenlinea.com\/index.php?rest_route=%2Fwp%2Fv2%2Fcategories&post=4326"},{"taxonomy":"post_tag","embeddable":true,"href":"https:\/\/forumenlinea.com\/index.php?rest_route=%2Fwp%2Fv2%2Ftags&post=4326"}],"curies":[{"name":"wp","href":"https:\/\/api.w.org\/{rel}","templated":true}]}}