{"id":4165,"date":"2024-10-30T16:00:00","date_gmt":"2024-10-30T16:00:00","guid":{"rendered":"https:\/\/forumenlinea.com\/?p=4165"},"modified":"2024-11-15T16:03:37","modified_gmt":"2024-11-15T16:03:37","slug":"4165","status":"publish","type":"post","link":"https:\/\/forumenlinea.com\/?p=4165","title":{"rendered":""},"content":{"rendered":"<p style=\"margin-right: 0cm; margin-left: 0cm; font-size: 16px; font-family: 'Times New Roman','serif'; margin: 0cm; margin-bottom: .0001pt; text-align: justify;\"><span style=\"font-size: 19px; font-family: 'Arial','sans-serif'; color: black;\">Utop\u00eda<\/span><\/p>\n<p style=\"margin-right: 0cm; margin-left: 0cm; font-size: 16px; font-family: 'Times New Roman','serif'; margin: 0cm; margin-bottom: .0001pt; text-align: justify;\"><span style=\"font-family: 'Arial','sans-serif'; color: black;\">\u00a0<\/span><\/p>\n<p style=\"margin-right: 0cm; margin-left: 0cm; font-size: 16px; font-family: 'Times New Roman','serif'; margin: 0cm; margin-bottom: .0001pt; text-align: center;\"><strong><span style=\"font-size: 24px; font-family: 'Arial','sans-serif'; color: black;\">Del clero pol\u00edtico e inseguridad p\u00fablica<\/span><\/strong><\/p>\n<p style=\"margin-right: 0cm; margin-left: 0cm; font-size: 16px; font-family: 'Times New Roman','serif'; margin: 0cm; margin-bottom: .0001pt; text-align: justify;\"><span style=\"font-family: 'Arial','sans-serif'; color: black;\">\u00a0<\/span><\/p>\n<p style=\"margin-right: 0cm; margin-left: 0cm; font-size: 16px; font-family: 'Times New Roman','serif'; margin: 0cm; margin-bottom: .0001pt; text-align: justify;\"><strong><span style=\"font-family: 'Arial','sans-serif'; color: black;\">Eduardo Ibarra Aguirre<\/span><\/strong><\/p>\n<p style=\"margin-right: 0cm; margin-left: 0cm; font-size: 16px; font-family: 'Times New Roman','serif'; margin: 0cm; margin-bottom: .0001pt;\"><span style=\"font-family: 'Arial','sans-serif'; color: black;\">\u00a0<\/span><\/p>\n<p style=\"margin-right: 0cm; margin-left: 0cm; font-size: 16px; font-family: 'Times New Roman','serif'; margin: 0cm; margin-bottom: .0001pt; text-align: justify;\"><span style=\"font-family: 'Arial','sans-serif'; color: black;\">Aumentaron desde el a\u00f1o 2000 hasta el 2024 los asesinatos y las agresiones a sacerdotes \u2013mal llamados \u201cpadres\u201d, como los denomin\u00f3 hace d\u00edas la presidenta con A\u2013, seminaristas y dirigentes de comunidades religiosas, como tambi\u00e9n sucede en la sociedad civil, incluidos los ni\u00f1os y v\u00edctimas del fuego cruzado, lo que es muy \u00a0preocupante y evidencia que el tejido social est\u00e1 roto. Tal es la advertencia o denuncia del obispo auxiliar de la Arquidi\u00f3cesis de la Ciudad de M\u00e9xico, Francisco Javier Acero.<\/p>\n<p><\/span><\/p>\n<p style=\"margin-right: 0cm; margin-left: 0cm; font-size: 16px; font-family: 'Times New Roman','serif'; margin: 0cm; margin-bottom: .0001pt; text-align: justify; text-indent: 35.4pt;\"><span style=\"font-family: 'Arial','sans-serif'; color: black;\">En tanto que el semanario Desde la Fe, publicaci\u00f3n de la misma arquidi\u00f3cesis capitalina, consign\u00f3 que el asesinato del sacerdote Marcelo P\u00e9rez en San Crist\u00f3bal de las Casas, Chiapas, el pasado 20 de octubre, \u201ces un acto execrable que no debe quedar impune. No queremos ni una muerte m\u00e1s a causa de la violencia\u201d. Dif\u00edcilmente esta exigencia concitar\u00eda el desacuerdo entre cat\u00f3licos y los que profesan otras religiones y que cada vez son m\u00e1s, o ninguna como el redactor y nueve millones de mexicanos m\u00e1s.<\/p>\n<p><\/span><\/p>\n<p style=\"margin-right: 0cm; margin-left: 0cm; font-size: 16px; font-family: 'Times New Roman','serif'; margin: 0cm; margin-bottom: .0001pt; text-align: justify; text-indent: 35.4pt;\"><span style=\"font-family: 'Arial','sans-serif'; color: black;\">Pero el punto medular es qu\u00e9 hace la jerarqu\u00eda cat\u00f3lica por la construcci\u00f3n de la paz, adem\u00e1s de exigir y denunciar, por la pacificaci\u00f3n del pa\u00eds y por qu\u00e9 ambos pronunciamiento se producen en la v\u00edspera de que el gabinete de seguridad de la doctora Claudia Sheinbaum presentara su primer informe sobre tan importante materia en Palacio Nacional, el martes 29. En pol\u00edtica nada o casi nada es casual, sino causal.<\/p>\n<p><\/span><\/p>\n<p style=\"margin: 0cm; margin-bottom: .0001pt; font-size: 16px; font-family: 'Times New Roman','serif'; text-align: justify; text-indent: 35.4pt;\"><span style=\"font-family: 'Arial','sans-serif'; color: black;\">El mismo obispo auxiliar explic\u00f3 una iniciativa en internet que \u201cbusca renovar el impulso para transmitir la fe, particularmente a las nuevas generaciones, uno de los desaf\u00edos de la Iglesia universal\u201d. Y explica que no tiene la finalidad de incrementar la feligres\u00eda, sino de que \u201cquienes estemos en la Iglesia estemos unidos para hacer frente al bien com\u00fan y a la paz\u201d.<\/span><\/p>\n<p style=\"margin: 0cm; margin-bottom: .0001pt; font-size: 16px; font-family: 'Times New Roman','serif'; text-align: justify; text-indent: 35.4pt;\"><span style=\"font-family: 'Arial','sans-serif'; color: black;\">El reconocimiento expl\u00edcito del desaf\u00edo juvenil, la necesidad de estar unidos para afrontar el bien com\u00fan y la paz implica que la jerarqu\u00eda cat\u00f3lica \u2013que por lo general vive y profesa desde la opulencia material y con pr\u00e1cticas cotidianas ajenas a los valores que publicitan como el amor al pr\u00f3jimo\u2013, est\u00e1 lejos de cumplir con sus deberes y obligaciones con la sociedad, como el mismo papa Francisco se los plante\u00f3 con toda franqueza en la Catedral Metropolitana durante su visita a M\u00e9xico, en febrero de 2016. Y a partir de entonces toman distancia del \u201csanto padre\u201d, como ellos lo denominan con singular hipocres\u00eda.<\/p>\n<p><\/span><\/p>\n<p style=\"margin: 0cm; margin-bottom: .0001pt; font-size: 16px; font-family: 'Times New Roman','serif'; text-align: justify; text-indent: 35.4pt;\"><span style=\"font-family: 'Arial','sans-serif'; color: black;\">Est\u00e1 muy bien que el clero subraye las evidentes insuficiencias de la pol\u00edtica de seguridad de la Cuarta Transformaci\u00f3n, incluso que como panistas o simpatizantes de Acci\u00f3n Nacional remachen que \u201cla pol\u00edtica de abrazos y no balazos\u201d de AMLO \u201cno ha funcionado\u201d, pero a rengl\u00f3n seguido como pol\u00edticos profesionales se curen en salud al subrayar que \u201chay muy buena disposici\u00f3n del gobierno federal para tener un di\u00e1logo con la Iglesia a fin de avanzar en el camino de la paz\u201d. Y lo anterior a pesar de que durante la campa\u00f1a electoral previa al 2 de junio, varios jerarcas jugaron abiertamente y con argumentos decimon\u00f3nicos, por la candidatura presidencial del PRIANRD. En Guanajuato fue escandaloso.<\/p>\n<p><\/span><\/p>\n<p style=\"margin: 0cm; margin-bottom: .0001pt; font-size: 16px; font-family: 'Times New Roman','serif'; text-align: justify; text-indent: 35.4pt;\"><span style=\"font-family: 'Arial','sans-serif'; color: black;\">Estimo que con unas jerarqu\u00edas religiosas tan distantes de sus feligres\u00edas y de los valores espirituales que los vinculan, y por el contrario tan cercanos a los que todav\u00eda se creen y act\u00faan como due\u00f1os de M\u00e9xico con base en el dinero como su principal dios, el rescate y el predominio de la seguridad p\u00fablica es una meta m\u00e1s compleja, pero por supuesto que no imposible.<\/p>\n<p><\/span><\/p>\n<p style=\"margin-right: 0cm; margin-left: 0cm; font-size: 16px; font-family: 'Times New Roman','serif'; margin: 0cm; margin-bottom: .0001pt; text-align: center;\"><strong><span style=\"font-family: 'Arial','sans-serif'; color: black;\">Acuse de recibo<\/p>\n<p><\/span><\/strong><\/p>\n<p style=\"margin: 0cm; margin-bottom: .0001pt; font-size: 16px; font-family: 'Times New Roman','serif'; text-align: justify;\"><span style=\"font-family: 'Arial','sans-serif'; color: black;\">Del columnista y editor Francisco Rodr\u00edguez: \u201cEl lawfare (o guerra jur\u00eddica en espa\u00f1ol), hace referencia a cuando un actor pol\u00edtico poderoso (el Ejecutivo, en este caso) instrumentaliza el sistema de justicia para as\u00ed poder perseguir, neutralizar y hasta destruir a sus competidores o adversarios pol\u00edticos.<\/span><span style=\"color: black;\">\u00a0<\/span><span style=\"font-family: 'Arial','sans-serif'; color: black;\">Creo que fue en el siglo XX. \u2018Ah\u00ed viene el coco\u2019&#8221;\u2026 Agradecible observaci\u00f3n para corregir \u201cHay viene el coco\u201d, l\u00e1stima que no la incluyeron en la edici\u00f3n de \u00cdndice Pol\u00edtico del d\u00eda 28:\u00a0<\/span><a href=\"https:\/\/indicepolitico.com\/lawfare-un-proceso-de-largo-aliento\/\"><span style=\"font-family: Calibri; color: black;\">https:\/\/indicepolitico.com\/lawfare-un-proceso-de-largo-aliento\/<\/span><\/a><span style=\"font-family: Calibri; color: black;\">\u00a0(\u2026)\u00a0<\/span><span style=\"font-family: 'Arial','sans-serif'; color: black;\">Reforma judicial. Voluntad popular, es una e<\/span><span style=\"font-family: Calibri; color: black;\">xcelente mesa de an\u00e1lisis que present\u00f3 el canal 11.1 la noche del domingo, con\u00a0<\/span><span style=\"font-family: 'Arial','sans-serif'; color: black;\">Fabrizio Mej\u00eda, Nancy Flores, Hamlet Garc\u00eda Almaguer y \u00a0Alina Duarte; una hora m\u00e1s tarde la retransmiti\u00f3 el Canal 14.1,\u00a0<\/span><span style=\"font-family: Calibri; color: black;\">lo que me liber\u00f3 del tormento de ver, por razones laborales, Operaci\u00f3n Mamut, donde los comediantes son mejores analistas y como tales buenos comediantes\u2026 \u201c<\/span><span style=\"font-family: 'Arial','sans-serif'; color: black;\">\u00a1Por la paz en el mundo! Colonos sionistas israel\u00edes se preparan para cruzar al territorio del norte de Gaza, y establecerse ah\u00ed; so pretexto de rescatar a los rehenes. El objetivo del gobierno de (Benjamin) Netanyahu es expandir a Israel, invadiendo y exterminando a sus vecinos\u201d; asegura Elba P\u00e9rez Villalba e invita a la exposici\u00f3n La ac\u00fastica de Leonora Carrington. Arte, escritura y feminismos, que permanecer\u00e1 hasta el 22 de noviembre en la Galer\u00eda Metropolitana de la UAM, en Medell\u00edn 28, colonia Roma.<\/span><\/p>\n<p style=\"margin: 0cm; margin-bottom: .0001pt; font-size: 16px; font-family: 'Times New Roman','serif'; text-align: justify;\"><span style=\"font-size: 11px; font-family: 'Arial','sans-serif'; color: black;\">https:\/\/forumenlinea.com\/ \u00a0 \u00a0<\/span><a href=\"mailto:forum@forumenlinea.com\"><span style=\"font-size: 11px; font-family: 'Arial','sans-serif'; color: black; text-decoration: none;\">forum@forumenlinea.com<\/span><\/a><span style=\"font-size: 11px; font-family: 'Arial','sans-serif'; color: black;\">\u00a0 \u00a0 Twitter@IbarraAguirreEd<\/span><\/p>\n","protected":false},"excerpt":{"rendered":"<p>Utop\u00eda \u00a0 Del clero pol\u00edtico e inseguridad p\u00fablica \u00a0 Eduardo Ibarra Aguirre \u00a0 Aumentaron desde el a\u00f1o 2000 hasta el 2024 los asesinatos y las agresiones a sacerdotes \u2013mal llamados \u201cpadres\u201d, como los denomin\u00f3 hace d\u00edas la presidenta con A\u2013, seminaristas y dirigentes de comunidades religiosas, como tambi\u00e9n sucede en&#8230;<\/p>\n<div class=\"more-link-wrapper\"><a class=\"more-link\" href=\"https:\/\/forumenlinea.com\/?p=4165\">Continuar leyendo<span class=\"screen-reader-text\"><\/span><\/a><\/div>\n","protected":false},"author":1,"featured_media":0,"comment_status":"closed","ping_status":"closed","sticky":false,"template":"","format":"standard","meta":{"footnotes":""},"categories":[2],"tags":[],"class_list":["post-4165","post","type-post","status-publish","format-standard","hentry","category-utopia","entry"],"_links":{"self":[{"href":"https:\/\/forumenlinea.com\/index.php?rest_route=\/wp\/v2\/posts\/4165","targetHints":{"allow":["GET"]}}],"collection":[{"href":"https:\/\/forumenlinea.com\/index.php?rest_route=\/wp\/v2\/posts"}],"about":[{"href":"https:\/\/forumenlinea.com\/index.php?rest_route=\/wp\/v2\/types\/post"}],"author":[{"embeddable":true,"href":"https:\/\/forumenlinea.com\/index.php?rest_route=\/wp\/v2\/users\/1"}],"replies":[{"embeddable":true,"href":"https:\/\/forumenlinea.com\/index.php?rest_route=%2Fwp%2Fv2%2Fcomments&post=4165"}],"version-history":[{"count":1,"href":"https:\/\/forumenlinea.com\/index.php?rest_route=\/wp\/v2\/posts\/4165\/revisions"}],"predecessor-version":[{"id":4166,"href":"https:\/\/forumenlinea.com\/index.php?rest_route=\/wp\/v2\/posts\/4165\/revisions\/4166"}],"wp:attachment":[{"href":"https:\/\/forumenlinea.com\/index.php?rest_route=%2Fwp%2Fv2%2Fmedia&parent=4165"}],"wp:term":[{"taxonomy":"category","embeddable":true,"href":"https:\/\/forumenlinea.com\/index.php?rest_route=%2Fwp%2Fv2%2Fcategories&post=4165"},{"taxonomy":"post_tag","embeddable":true,"href":"https:\/\/forumenlinea.com\/index.php?rest_route=%2Fwp%2Fv2%2Ftags&post=4165"}],"curies":[{"name":"wp","href":"https:\/\/api.w.org\/{rel}","templated":true}]}}