{"id":4124,"date":"2024-10-11T19:04:23","date_gmt":"2024-10-11T19:04:23","guid":{"rendered":"https:\/\/forumenlinea.com\/?p=4124"},"modified":"2024-10-17T19:07:40","modified_gmt":"2024-10-17T19:07:40","slug":"4124","status":"publish","type":"post","link":"https:\/\/forumenlinea.com\/?p=4124","title":{"rendered":""},"content":{"rendered":"<p style=\"margin-right: 0cm; margin-left: 0cm; font-size: 16px; font-family: 'Times New Roman','serif'; margin: 0cm; margin-bottom: .0001pt; text-align: justify;\"><span style=\"font-size: 19px; font-family: Arial, Helvetica, sans-serif; color: #000000;\">Utop\u00eda<\/span><\/p>\n<p style=\"margin-right: 0cm; margin-left: 0cm; font-size: 16px; font-family: 'Times New Roman','serif'; margin: 0cm; margin-bottom: .0001pt; text-align: center;\"><span style=\"font-family: Arial, Helvetica, sans-serif; color: #000000;\"><strong><span style=\"font-size: 24px;\">Marko y la intervenci\u00f3n estadunidense<\/span><\/strong><\/span><\/p>\n<p style=\"margin-right: 0cm; margin-left: 0cm; font-size: 16px; font-family: 'Times New Roman','serif'; margin: 0cm; margin-bottom: .0001pt; text-align: justify;\"><span style=\"font-family: Arial, Helvetica, sans-serif; color: #000000;\">\u00a0<\/span><\/p>\n<p style=\"margin-right: 0cm; margin-left: 0cm; font-size: 16px; font-family: 'Times New Roman','serif'; margin: 0cm; margin-bottom: .0001pt; text-align: justify;\"><span style=\"font-family: Arial, Helvetica, sans-serif; color: #000000;\"><strong>Eduardo Ibarra Aguirre<\/strong><\/span><\/p>\n<p style=\"margin-right: 0cm; margin-left: 0cm; font-size: 16px; font-family: 'Times New Roman','serif'; margin: 0cm; margin-bottom: .0001pt;\"><span style=\"font-family: Arial, Helvetica, sans-serif; color: #000000;\"><strong>\u00a0<\/strong><\/span><\/p>\n<p style=\"margin-right: 0cm; margin-left: 0cm; font-size: 16px; font-family: 'Times New Roman','serif'; margin: 0cm; margin-bottom: .0001pt; text-align: justify;\"><span style=\"font-family: Arial, Helvetica, sans-serif; color: #000000;\">Uno de los m\u00e1s grises presidentes de Acci\u00f3n Nacional, sino es el que m\u00e1s, vuelve a la carga con lo que seguramente considera que es una propuesta genial, consistente en tipificar el \u201cdelito de terrorismo\u201d con el prop\u00f3sito de sancionar las acciones de los grupos de la delincuencia organizada, pero por supuesto que omite la de cuello blanco, de la que forma parte al ejercer los moches en la C\u00e1mara de Diputados cuando lider\u00f3 a sus compa\u00f1eros, durante 2015-18, justo cuando la 4T gan\u00f3 la Presidencia de M\u00e9xico y emprendi\u00f3 sus primeros pasos de gobierno.<\/p>\n<p><\/span><\/p>\n<p style=\"margin-right: 0cm; margin-left: 0cm; font-size: 16px; font-family: 'Times New Roman','serif'; margin: 0cm; margin-bottom: .0001pt; text-align: justify; text-indent: 35.4pt;\"><span style=\"font-family: Arial, Helvetica, sans-serif; color: #000000;\">Por supuesto que Markititito, como lo llaman algunos colegas, no es el pionero en el trasiego de dinero en San L\u00e1zaro y la compra de los votos, pr\u00e1ctica de varias d\u00e9cadas, relanzada por Carlos Salinas y perfeccionada por Enrique Pe\u00f1a a trav\u00e9s de Luis Videgaray, el intocado del comediante Eduardo.<\/p>\n<p><\/span><\/p>\n<p style=\"margin-right: 0cm; margin-left: 0cm; font-size: 16px; font-family: 'Times New Roman','serif'; margin: 0cm; margin-bottom: .0001pt; text-align: justify; text-indent: 35.4pt;\"><span style=\"font-family: Arial, Helvetica, sans-serif; color: #000000;\">Lo que inmortaliz\u00f3 a Marko Antonio Cort\u00e9s Mendoza fue que el 9 de enero de 2024 present\u00f3 a trav\u00e9s de redes sociales documentos que detallan acuerdos sobre nombramientos en el Poder Judicial, oficinas de recaudaci\u00f3n y notar\u00edas, con la dirigencia nacional y estatal del Revolucionario Institucional en Coahuila, y el entonces candidato y hoy gobernador Manolo Jim\u00e9nez Salinas, en 2023, en v\u00edsperas de los comicios, por el \u00a0incumplimiento del convenio.<\/p>\n<p><\/span><\/p>\n<p style=\"margin-right: 0cm; margin-left: 0cm; font-size: 16px; font-family: 'Times New Roman','serif'; margin: 0cm; margin-bottom: .0001pt; text-align: justify; text-indent: 35.4pt;\"><span style=\"font-family: Arial, Helvetica, sans-serif; color: #000000;\">Dejemos de lado la trayectoria del michoacano de Zamora que ahora funge como senador por la comod\u00edsima v\u00eda plurinominal, igual que Alejando Moreno su c\u00f3mplice en el sue\u00f1o guajiro del 2 de junio de 2024, fecha en la sufrieron una derrota electoral sin precedente y que todav\u00eda no asimilan.<\/p>\n<p><\/span><\/p>\n<p style=\"margin-right: 0cm; margin-left: 0cm; font-size: 16px; font-family: 'Times New Roman','serif'; margin: 0cm; margin-bottom: .0001pt; text-align: justify; text-indent: 35.4pt;\"><span style=\"font-family: Arial, Helvetica, sans-serif; color: #000000;\">Explica Cort\u00e9s por tercera ocasi\u00f3n en unas cuantas semanas, que \u201cno se trata de sumisi\u00f3n, no se trata de perder la autonom\u00eda o soberan\u00eda de nuestro pa\u00eds. La soberan\u00eda la pierden los mexicanos cuando no pueden transitar en una carretera, cuando no pueden vender sus productos sin que los extorsionen\u201d. Acaso tenga raz\u00f3n en esto \u00faltimo, pero omite que es experto en la materia.<\/p>\n<p><\/span><\/p>\n<p style=\"margin-right: 0cm; margin-left: 0cm; font-size: 16px; font-family: 'Times New Roman','serif'; margin: 0cm; margin-bottom: .0001pt; text-align: justify; text-indent: 35.4pt;\"><span style=\"font-family: Arial, Helvetica, sans-serif; color: #000000;\">Y si no le aceptan la propuesta que brindar\u00eda en charola de plata los argumentos y los pretextos para que los que administran el imperio de las barras y las estrellas y en buen medida tambi\u00e9n el negocio de las drogas il\u00edcitas, para que intervengan en los asuntos internos de M\u00e9xico, incluso militarmente como lo piden a gritos veteranos, eternos, legisladores con el pretexto del \u201cfentanilo mexicano\u201d. Cort\u00e9s Mendoza adelanta sus respuestas en forma de preguntas y son las siguientes:<\/p>\n<p><\/span><\/p>\n<p style=\"margin-right: 0cm; margin-left: 0cm; font-size: 16px; font-family: 'Times New Roman','serif'; margin: 0cm; margin-bottom: .0001pt; text-align: justify; text-indent: 35.4pt;\"><span style=\"font-family: Arial, Helvetica, sans-serif; color: #000000;\">\u201c\u00bfPor qu\u00e9 se niega el r\u00e9gimen morenista? \u00bfA qu\u00e9 le teme? \u00bfAcaso est\u00e1n coludidos con grupos del crimen?\u201d Lo hizo durante una conferencia de prensa en el Senado. All\u00ed el muy gris dirigente panista asever\u00f3 que con la propuesta busca que se acabe la colusi\u00f3n entre criminales e integrantes de gobiernos.<\/p>\n<p><\/span><\/p>\n<p style=\"margin: 0cm; margin-bottom: .0001pt; font-size: 16px; font-family: 'Times New Roman','serif'; text-align: justify; text-indent: 35.4pt;\"><span style=\"font-family: Arial, Helvetica, sans-serif; color: #000000;\">Pero la grisura e incluso torpeza pol\u00edtica de Cort\u00e9s no le impide justificar al otrora poderoso s\u00faper secretario de Seguridad P\u00fablica en el gobierno de Felipe Calder\u00f3n \u2013hombre de todas sus confianzas y laureado por la DEA y el Departamento de Justicia gringos\u2013, Genaro Garc\u00eda Luna, quien se encuentra preso \u00a0en Estados Unidos por v\u00ednculos con grupos del narcotr\u00e1fico y que ser\u00e1 sentenciado el 16 de octubre en Nueva York, como lo orden\u00f3 Brian Cogan, juez de la Corte Federal del Distrito Este en Brooklyn, ya que seg\u00fan Markititito, las autoridades \u201cno fueron capaces de detenerlo y sancionarlo aqu\u00ed en M\u00e9xico. Y nosotros, en el PAN, precisamente lo que queremos es que no haya m\u00e1s un Garc\u00eda Luna, que no haya m\u00e1s un gobierno coludido con el crimen\u201d. Pero hace unos cuantos meses juraba que no era miembro o militante del PAN porque nunca llen\u00f3 una solicitud. Adem\u00e1s de gris, bur\u00f3crata.<\/p>\n<p><\/span><\/p>\n<p style=\"margin: 0cm; margin-bottom: .0001pt; font-size: 16px; font-family: 'Times New Roman','serif'; text-align: center; text-indent: 35.4pt;\"><span style=\"font-family: Arial, Helvetica, sans-serif; color: #000000;\"><strong>Acuse de recibo<\/p>\n<p><\/strong><\/span><\/p>\n<p style=\"margin: 0cm; margin-bottom: .0001pt; font-size: 16px; font-family: 'Times New Roman','serif'; text-align: justify;\"><span style=\"font-family: Arial, Helvetica, sans-serif; color: #000000;\">Precisi\u00f3n de Arturo Mart\u00ednez Nateras: \u201cAnnie Pardo Cemo (madre de la presidenta Claudia) durante el 68 era maestra en la Vocacional 7 y fue despedida o expulsada junto con el doctor Fausto Trejo y si mal no recuerdo el doctor (Pablo) Sandoval (Cruz). Viven Carp\u00f3foro Cort\u00e9s, Chuy Vargas, Florencio Posadas, Oralia y muchos m\u00e1s de esa Voca piloto. Saludos\u201d\u2026 El periodista, escritor y \u201canalista\u201d Samuel Schmidt sentencia sobre la anterior Utop\u00eda: \u201cMucha ligereza. \u00bfLimpieza \u00e9tnica, cu\u00e1l etnia est\u00e1n limpiando? \u00bfGenocidio?, echa mano de un diccionario. En Gaza viven 2 millones, como 40,000, cifra inflada es el 6%. \u00bfCu\u00e1ntos soldados de Hamas est\u00e1n en las cifras de muertos? \u00bfFascismo?, no pos, s\u00ed. Mientras ignoras los miles de misiles de Gaza contra civiles israel\u00edes. Ignoras que Israel pelea hoy en seis frentes alimentados por Ir\u00e1n. La guerra la empez\u00f3 Hamas, no Netanyahu. En fin, uso de tropos jude\u00f3fobos. Tal vez para quedar bien con la izquierda idiota\u201d\u2026 Pregunto, \u00bftu \u201cizquierda inteligente\u201d justifica a un criminal de guerra que ya asesin\u00f3 a m\u00e1s de 16 500 ni\u00f1os y a 175 periodistas en Gaza? Los colegas son m\u00e1s que los 63 ca\u00eddos durante la invasi\u00f3n estadunidense a Vietnam o que los 69 de la Segunda Guerra Mundial\u2026 Enlace al texto excomulgado\u00a0<a href=\"https:\/\/insurgentepress.com.mx\/gaza-el-infierno-en-la-tierra\/\">https:\/\/insurgentepress.com.mx\/gaza-el-infierno-en-la-tierra\/<\/a><\/span><\/p>\n<p style=\"margin: 0cm; margin-bottom: .0001pt; font-size: 16px; font-family: 'Times New Roman','serif'; text-align: justify;\"><span style=\"font-size: 11px; font-family: Arial, Helvetica, sans-serif; color: #000000;\">https:\/\/forumenlinea.com\/ \u00a0 \u00a0<\/span><span style=\"font-family: Arial, Helvetica, sans-serif; color: #000000;\"><a href=\"mailto:forum@forumenlinea.com\"><span style=\"font-size: 11px; text-decoration: none;\">forum@forumenlinea.com<\/span><\/a><\/span><span style=\"font-size: 11px; font-family: Arial, Helvetica, sans-serif; color: #000000;\">\u00a0 \u00a0 Twitter@IbarraAguirreEd<\/span><\/p>\n","protected":false},"excerpt":{"rendered":"<p>Utop\u00eda Marko y la intervenci\u00f3n estadunidense \u00a0 Eduardo Ibarra Aguirre \u00a0 Uno de los m\u00e1s grises presidentes de Acci\u00f3n Nacional, sino es el que m\u00e1s, vuelve a la carga con lo que seguramente considera que es una propuesta genial, consistente en tipificar el \u201cdelito de terrorismo\u201d con el prop\u00f3sito de&#8230;<\/p>\n<div class=\"more-link-wrapper\"><a class=\"more-link\" href=\"https:\/\/forumenlinea.com\/?p=4124\">Continuar leyendo<span class=\"screen-reader-text\"><\/span><\/a><\/div>\n","protected":false},"author":1,"featured_media":0,"comment_status":"closed","ping_status":"closed","sticky":false,"template":"","format":"standard","meta":{"footnotes":""},"categories":[2],"tags":[],"class_list":["post-4124","post","type-post","status-publish","format-standard","hentry","category-utopia","entry"],"_links":{"self":[{"href":"https:\/\/forumenlinea.com\/index.php?rest_route=\/wp\/v2\/posts\/4124","targetHints":{"allow":["GET"]}}],"collection":[{"href":"https:\/\/forumenlinea.com\/index.php?rest_route=\/wp\/v2\/posts"}],"about":[{"href":"https:\/\/forumenlinea.com\/index.php?rest_route=\/wp\/v2\/types\/post"}],"author":[{"embeddable":true,"href":"https:\/\/forumenlinea.com\/index.php?rest_route=\/wp\/v2\/users\/1"}],"replies":[{"embeddable":true,"href":"https:\/\/forumenlinea.com\/index.php?rest_route=%2Fwp%2Fv2%2Fcomments&post=4124"}],"version-history":[{"count":1,"href":"https:\/\/forumenlinea.com\/index.php?rest_route=\/wp\/v2\/posts\/4124\/revisions"}],"predecessor-version":[{"id":4125,"href":"https:\/\/forumenlinea.com\/index.php?rest_route=\/wp\/v2\/posts\/4124\/revisions\/4125"}],"wp:attachment":[{"href":"https:\/\/forumenlinea.com\/index.php?rest_route=%2Fwp%2Fv2%2Fmedia&parent=4124"}],"wp:term":[{"taxonomy":"category","embeddable":true,"href":"https:\/\/forumenlinea.com\/index.php?rest_route=%2Fwp%2Fv2%2Fcategories&post=4124"},{"taxonomy":"post_tag","embeddable":true,"href":"https:\/\/forumenlinea.com\/index.php?rest_route=%2Fwp%2Fv2%2Ftags&post=4124"}],"curies":[{"name":"wp","href":"https:\/\/api.w.org\/{rel}","templated":true}]}}