{"id":4122,"date":"2024-10-09T18:59:50","date_gmt":"2024-10-09T18:59:50","guid":{"rendered":"https:\/\/forumenlinea.com\/?p=4122"},"modified":"2024-10-17T19:13:20","modified_gmt":"2024-10-17T19:13:20","slug":"4122","status":"publish","type":"post","link":"https:\/\/forumenlinea.com\/?p=4122","title":{"rendered":""},"content":{"rendered":"<p style=\"margin-right: 0cm; margin-left: 0cm; font-size: 16px; font-family: 'Times New Roman','serif'; margin: 0cm; margin-bottom: .0001pt; text-align: justify;\"><span style=\"font-size: 19px; font-family: Arial, Helvetica, sans-serif; color: #000000;\">Utop\u00eda<\/span><\/p>\n<p style=\"margin-right: 0cm; margin-left: 0cm; font-size: 16px; font-family: 'Times New Roman','serif'; margin: 0cm; margin-bottom: .0001pt; text-align: center;\"><span style=\"font-family: Arial, Helvetica, sans-serif; color: #000000;\"><strong><span style=\"font-size: 24px;\">Gaza: El infierno en la Tierra<\/p>\n<p><\/span><\/strong><\/span><\/p>\n<p style=\"margin-right: 0cm; margin-left: 0cm; font-size: 16px; font-family: 'Times New Roman','serif'; margin: 0cm; margin-bottom: .0001pt; text-align: justify;\"><span style=\"font-family: Arial, Helvetica, sans-serif; color: #000000;\"><strong>Eduardo Ibarra Aguirre<\/strong><\/span><\/p>\n<p style=\"margin-right: 0cm; margin-left: 0cm; font-size: 16px; font-family: 'Times New Roman','serif'; margin: 0cm; margin-bottom: .0001pt; text-align: justify;\"><span style=\"font-family: Arial, Helvetica, sans-serif; color: #000000;\">\u00a0<\/span><\/p>\n<p style=\"margin: 0cm; margin-bottom: .0001pt; font-size: 16px; font-family: 'Times New Roman','serif'; text-align: justify;\"><span style=\"font-family: Arial, Helvetica, sans-serif; color: #000000;\">Transcurri\u00f3 el primer a\u00f1o de la sangrienta incursi\u00f3n militar de Hamas (Movimiento de Resistencia Isl\u00e1mica en Palestina) en territorio israel\u00ed para masacrar a los participantes en un concierto con el fat\u00eddico saldo de m\u00e1s de 1 200 muertos y 250 rehenes, el 7 de octubre de 2023, misma que el primer ministro Benjamin Netanyahu utiliza para mantenerse en el cargo, distraer la atenci\u00f3n sobre las graves acusaciones de corrupci\u00f3n, emprender una limpieza \u00e9tnica, cancelar el futuro a corto y mediano plazos de Palestina y mantener \u201cuna guerra por su existencia, la guerra de la resurrecci\u00f3n. As\u00ed me gustar\u00eda llamarla oficialmente\u201d, jura el criminal de guerra, de acuerdo con dependencias de la ONU.<\/p>\n<p><\/span><\/p>\n<p style=\"margin: 0cm; margin-bottom: .0001pt; font-size: 16px; font-family: 'Times New Roman','serif'; text-align: justify; text-indent: 35.4pt;\"><span style=\"font-family: Arial, Helvetica, sans-serif; color: #000000;\">\u201cResurrecci\u00f3n\u201d que se emprende con la ocupaci\u00f3n de territorios de Palestina desde 1967 sino es que desde la fundaci\u00f3n de Israel el 14 de mayo de 1948, cuando David Ben-Guri\u00f3n declara la independencia del nuevo Estado de Israel, en tierras palestinas, por imposici\u00f3n imperial de Gran Breta\u00f1a y Estados Unidos.<\/p>\n<p><\/span><\/p>\n<p style=\"margin: 0cm; margin-bottom: .0001pt; font-size: 16px; font-family: 'Times New Roman','serif'; text-align: justify; text-indent: 35.4pt;\"><span style=\"font-family: Arial, Helvetica, sans-serif; color: #000000;\">La \u201cresurrecci\u00f3n\u201d de los neofascistas que gobiernan desde Tel Aviv ya cobr\u00f3 38 veces m\u00e1s vidas humanas, la mayor\u00eda de inocentes, que las perdidas hace un a\u00f1o y que suman\u00a042 000 personas \u2013de ellas m\u00e1s de 16 500 son ni\u00f1os\u2013 y orillado a la hambruna a m\u00e1s de 2 millones, la mitad de ellas son ni\u00f1os que no tienen adonde huir o esconderse.<\/p>\n<p><\/span><\/p>\n<p style=\"margin: 0cm; margin-bottom: .0001pt; font-size: 16px; font-family: 'Times New Roman','serif'; text-align: justify; text-indent: 35.4pt;\"><span style=\"font-family: Arial, Helvetica, sans-serif; color: #000000;\">De acuerdo con diversas fuentes extranjeras, period\u00edsticas, acad\u00e9micas y de ONG, Israel devast\u00f3 la mayor parte del territorio, dejando destruidos barrios enteros y despobl\u00f3 el norte del enclave, la ciudad de Gaza incluida; destroz\u00f3 el sistema de salud, la infraestructura civil, escuelas, universidades, bibliotecas, museos e iglesias, adem\u00e1s de que profan\u00f3 cementerios. Borrar a los palestinos pareciera la meta del neofascismo israelita.<\/p>\n<p><\/span><\/p>\n<p style=\"margin: 0cm; margin-bottom: .0001pt; font-size: 16px; font-family: 'Times New Roman','serif'; text-align: justify; text-indent: 35.4pt;\"><span style=\"font-family: Arial, Helvetica, sans-serif; color: #000000;\">Ya no es un secreto que el genocidio de Israel en Gaza es armado, financiado y protegido diplom\u00e1ticamente por el gobierno de Joseph Biden, \u201cen violaci\u00f3n de su propia ley, del derecho internacional y en contra de la opini\u00f3n de la mayor\u00eda de los estadunidenses\u201d. Y el \u201crespaldo incondicional de Biden al gobierno de extrema derecha de Israel y su campa\u00f1a en Gaza envalentona a Netanyahu\u201d, dando lugar a una espiral de ataques masivos en L\u00edbano, lo que \u00a0amenaza con \u201cprovocar una gran conflagraci\u00f3n en la regi\u00f3n\u201d.<\/p>\n<p><\/span><\/p>\n<p style=\"margin: 0cm; margin-bottom: .0001pt; font-size: 16px; font-family: 'Times New Roman','serif'; text-align: justify; text-indent: 35.4pt;\"><span style=\"font-family: Arial, Helvetica, sans-serif; color: #000000;\">Limit\u00e9monos a la Franja por razones de espacio. Diariamente 115 personas perecieron en Gaza por la guerra \u2013que muchos denominan genocidio, incluidos decenas de jefes de Estado, cinco personas cada hora\u2013, en los primeros 11 meses. <\/span><\/p>\n<p style=\"margin: 0cm; margin-bottom: .0001pt; font-size: 16px; font-family: 'Times New Roman','serif'; text-align: justify; text-indent: 35.4pt;\"><span style=\"font-family: Arial, Helvetica, sans-serif; color: #000000;\">Cuando menos suman 96 000 los gazat\u00edes heridos, seg\u00fan el Ministerio de Salud de Gaza, muchos con lesiones graves. Y cada d\u00eda 10 ni\u00f1os perdieron extremidades, estim\u00f3 en enero pasado Save The Children.<\/p>\n<p><\/span><\/p>\n<p style=\"margin: 0cm; margin-bottom: .0001pt; font-size: 16px; font-family: 'Times New Roman','serif'; text-align: justify; text-indent: 35.4pt;\"><span style=\"font-family: Arial, Helvetica, sans-serif; color: #000000;\">En s\u00f3lo un a\u00f1o, el 6% de la poblaci\u00f3n de la martirizada Gaza muri\u00f3 o se encuentra herida, seg\u00fan la Organizaci\u00f3n Mundial de la Salud. Y 10 000 personas permanecen bajo los escombros, seg\u00fan el Ministerio de Salud gazat\u00ed, aunque Oxfam public\u00f3 un informe el 1\u00ba de octubre que muestra que casi 20 000 personas todav\u00eda no son \u201cidentificadas, est\u00e1n desaparecidas o sepultadas bajo los escombros\u201d. Y para France 24 diariamente murieron 115 personas en Gaza, cinco cada hora.<\/p>\n<p><\/span><\/p>\n<p style=\"margin: 0cm; margin-bottom: .0001pt; font-size: 16px; font-family: 'Times New Roman','serif'; text-align: justify; text-indent: 35.4pt;\"><span style=\"font-family: Arial, Helvetica, sans-serif; color: #000000;\">La situaci\u00f3n humanitaria en Gaza alcanz\u00f3 niveles alarmantes. En mayo, la ONU afirm\u00f3 que el enclave se encontraba en una \u201cemergencia sin precedente\u201d. De acuerdo con el an\u00e1lisis del IPC (Clasificaci\u00f3n Integrada de la Seguridad Alimentaria), 96% de la poblaci\u00f3n est\u00e1 hoy al borde de la hambruna.<\/p>\n<p><\/span><\/p>\n<p style=\"margin: 0cm; margin-bottom: .0001pt; font-size: 16px; font-family: 'Times New Roman','serif'; text-align: justify; text-indent: 35.4pt;\"><span style=\"font-family: Arial, Helvetica, sans-serif; color: #000000;\">El infierno en la Tierra se llama Gaza.<\/span><\/p>\n<p style=\"margin-right: 0cm; margin-left: 0cm; font-size: 16px; font-family: 'Times New Roman','serif'; margin: 0cm; margin-bottom: .0001pt; text-align: center;\"><span style=\"font-family: Arial, Helvetica, sans-serif; color: #000000;\"><strong>Acuse de recibo<\/strong><\/span><\/p>\n<p style=\"margin: 0cm; margin-bottom: .0001pt; font-size: 16px; font-family: 'Times New Roman','serif'; text-align: justify;\"><span style=\"font-family: Arial, Helvetica, sans-serif; color: #000000;\">Los que deciden en el programa semanal Operaci\u00f3n Mamut tardaron a\u00f1os para hacer una muy ligera cr\u00edtica al expresidente Andr\u00e9s Manuel por \u201csus clases de historia de dos horas\u201d y a la presidenta Claudia por su concisi\u00f3n en las respuestas a los colegas que cubren la ma\u00f1anera. Esperemos que no tarden a\u00f1os en ejercer la cr\u00edtica sana que tanta falta hace a la 4T\u2026 Los A\u00f1os Heridos es una interesante miniserie televisiva basada en el libro del mismo nombre m\u00e1s: <em>Historia de la \u00a0guerrilla en M\u00e9xico 1968-1985, de\u00a0<\/em>Fritz Glockner, tambi\u00e9n productor de aquella. Vale la pena verla, est\u00e1 muy bien hecha aunque persiste en el enfoque de los abundantes paneg\u00edricos, la visi\u00f3n maniquea y la ausencia de autocr\u00edtica. La joven actriz principal siempre est\u00e1 perfectamente maquillada, Fritz tambi\u00e9n aparece como actor y a la querida \u201ct\u00eda\u201d Rosario Ibarra la ubican en 1968\u2026 Dice Elba P\u00e9rez Villalba: \u201cEl Estado mexicano pide perd\u00f3n por la matanza de 1968. No estoy de acuerdo ya que este Estado no es aquel de 1968. La presidenta mencion\u00f3 la participaci\u00f3n de su mam\u00e1, la cient\u00edfica Annie Pardo Cemo, en el movimiento de 1968, en su calidad de maestra del IPN (supongo que en Ciencias Biol\u00f3gicas), y que por tal motivo fue expulsada de dicha instituci\u00f3n. Se dice poco acerca de la expulsi\u00f3n del Poli de varios estudiantes y maestros por su participaci\u00f3n en este movimiento. Los presos polit\u00e9cnicos no recibieron la atenci\u00f3n que la UNAM dio a los suyos\u201d.\u00a0<\/span><\/p>\n<p style=\"margin: 0cm; margin-bottom: .0001pt; font-size: 16px; font-family: 'Times New Roman','serif'; text-align: justify;\"><span style=\"font-family: Arial, Helvetica, sans-serif; color: #000000;\">\u00a0<\/span><\/p>\n<p style=\"margin: 0cm; margin-bottom: .0001pt; font-size: 16px; font-family: 'Times New Roman','serif'; text-align: justify;\"><span style=\"font-family: Arial, Helvetica, sans-serif; color: #000000;\">\u00a0<\/span><\/p>\n<p style=\"margin: 0cm; margin-bottom: .0001pt; font-size: 16px; font-family: 'Times New Roman','serif'; text-align: justify;\"><span style=\"font-size: 11px; font-family: Arial, Helvetica, sans-serif; color: #000000;\">https:\/\/forumenlinea.com\/ \u00a0 \u00a0<\/span><span style=\"font-family: Arial, Helvetica, sans-serif; color: #000000;\"><a href=\"mailto:forum@forumenlinea.com\"><span style=\"font-size: 11px; text-decoration: none;\">forum@forumenlinea.com<\/span><\/a><\/span><span style=\"font-size: 11px; font-family: Arial, Helvetica, sans-serif; color: #000000;\">\u00a0 \u00a0 Twitter@IbarraAguirreEd<\/span><\/p>\n","protected":false},"excerpt":{"rendered":"<p>Utop\u00eda Gaza: El infierno en la Tierra Eduardo Ibarra Aguirre \u00a0 Transcurri\u00f3 el primer a\u00f1o de la sangrienta incursi\u00f3n militar de Hamas (Movimiento de Resistencia Isl\u00e1mica en Palestina) en territorio israel\u00ed para masacrar a los participantes en un concierto con el fat\u00eddico saldo de m\u00e1s de 1 200 muertos y&#8230;<\/p>\n<div class=\"more-link-wrapper\"><a class=\"more-link\" href=\"https:\/\/forumenlinea.com\/?p=4122\">Continuar leyendo<span class=\"screen-reader-text\"><\/span><\/a><\/div>\n","protected":false},"author":1,"featured_media":0,"comment_status":"open","ping_status":"closed","sticky":false,"template":"","format":"standard","meta":{"footnotes":""},"categories":[2],"tags":[],"class_list":["post-4122","post","type-post","status-publish","format-standard","hentry","category-utopia","entry"],"_links":{"self":[{"href":"https:\/\/forumenlinea.com\/index.php?rest_route=\/wp\/v2\/posts\/4122","targetHints":{"allow":["GET"]}}],"collection":[{"href":"https:\/\/forumenlinea.com\/index.php?rest_route=\/wp\/v2\/posts"}],"about":[{"href":"https:\/\/forumenlinea.com\/index.php?rest_route=\/wp\/v2\/types\/post"}],"author":[{"embeddable":true,"href":"https:\/\/forumenlinea.com\/index.php?rest_route=\/wp\/v2\/users\/1"}],"replies":[{"embeddable":true,"href":"https:\/\/forumenlinea.com\/index.php?rest_route=%2Fwp%2Fv2%2Fcomments&post=4122"}],"version-history":[{"count":1,"href":"https:\/\/forumenlinea.com\/index.php?rest_route=\/wp\/v2\/posts\/4122\/revisions"}],"predecessor-version":[{"id":4123,"href":"https:\/\/forumenlinea.com\/index.php?rest_route=\/wp\/v2\/posts\/4122\/revisions\/4123"}],"wp:attachment":[{"href":"https:\/\/forumenlinea.com\/index.php?rest_route=%2Fwp%2Fv2%2Fmedia&parent=4122"}],"wp:term":[{"taxonomy":"category","embeddable":true,"href":"https:\/\/forumenlinea.com\/index.php?rest_route=%2Fwp%2Fv2%2Fcategories&post=4122"},{"taxonomy":"post_tag","embeddable":true,"href":"https:\/\/forumenlinea.com\/index.php?rest_route=%2Fwp%2Fv2%2Ftags&post=4122"}],"curies":[{"name":"wp","href":"https:\/\/api.w.org\/{rel}","templated":true}]}}