{"id":4039,"date":"2024-08-30T15:57:06","date_gmt":"2024-08-30T15:57:06","guid":{"rendered":"https:\/\/forumenlinea.com\/?p=4039"},"modified":"2024-09-04T16:01:14","modified_gmt":"2024-09-04T16:01:14","slug":"4039","status":"publish","type":"post","link":"https:\/\/forumenlinea.com\/?p=4039","title":{"rendered":""},"content":{"rendered":"<p style=\"margin-right: 0cm; margin-left: 0cm; font-size: 16px; font-family: 'Times New Roman','serif'; margin: 0cm; margin-bottom: .0001pt;\"><span style=\"font-size: 19px; font-family: 'Arial','sans-serif'; color: black;\">Utop\u00eda<\/span><\/p>\n<p style=\"margin-right: 0cm; margin-left: 0cm; font-size: 16px; font-family: 'Times New Roman','serif'; margin: 0cm; margin-bottom: .0001pt;\"><span style=\"font-family: 'Arial','sans-serif'; color: black;\">\u00a0<\/span><\/p>\n<p style=\"margin-right: 0cm; margin-left: 0cm; font-size: 16px; font-family: 'Times New Roman','serif'; margin: 0cm; margin-bottom: .0001pt; text-align: center;\"><strong><span style=\"font-size: 24px; font-family: 'Arial','sans-serif'; color: black;\">La extorsi\u00f3n, asignatura pendiente<\/span><\/strong><\/p>\n<p style=\"margin-right: 0cm; margin-left: 0cm; font-size: 16px; font-family: 'Times New Roman','serif'; margin: 0cm; margin-bottom: .0001pt;\"><span style=\"font-family: 'Arial','sans-serif'; color: black;\">\u00a0<\/span><\/p>\n<p style=\"margin-right: 0cm; margin-left: 0cm; font-size: 16px; font-family: 'Times New Roman','serif'; margin: 0cm; margin-bottom: .0001pt;\"><strong><span style=\"font-family: 'Arial','sans-serif'; color: black;\">Eduardo Ibarra Aguirre<\/span><\/strong><\/p>\n<p style=\"margin-right: 0cm; margin-left: 0cm; font-size: 16px; font-family: 'Times New Roman','serif'; margin: 0cm; margin-bottom: .0001pt;\"><span style=\"font-family: 'Arial','sans-serif'; color: black;\">\u00a0<\/span><\/p>\n<p style=\"margin-right: 0cm; margin-left: 0cm; font-size: 16px; font-family: 'Times New Roman','serif'; margin: 0cm; margin-bottom: .0001pt; text-align: justify;\"><span style=\"font-family: 'Arial','sans-serif'; color: black;\">En la recta final del sexenio de cinco a\u00f1os y 10 meses, el presidente Andr\u00e9s Manuel asume con todas sus letras que los altos \u00edndices de extorsi\u00f3n, \u201cuno de los que m\u00e1s da\u00f1o hace a los mexicanos\u201d y el \u201c\u00fanico en el que no hemos podido lograr una disminuci\u00f3n\u201d, quedar\u00e1 como una asignatura pendiente.<\/p>\n<p><\/span><\/p>\n<p style=\"margin-right: 0cm; margin-left: 0cm; font-size: 16px; font-family: 'Times New Roman','serif'; margin: 0cm; margin-bottom: .0001pt; text-align: justify; text-indent: 35.4pt;\"><span style=\"font-family: 'Arial','sans-serif'; color: black;\">Tard\u00f3 demasiado en reconocerlo, pero es entendible porque de hacerlo dos a\u00f1os antes, sus aseveraciones ser\u00edan buen material para las oposiciones medi\u00e1ticas, empresariales, partidistas y religiosas con la vista puesta en el pasado 2 de junio. Pero tampoco se puede asegurar, pues siendo el de la inseguridad p\u00fablica uno de los temas que m\u00e1s preocupa a las mayor\u00edas, la dirigencia y candidatos de Fuerza y Coraz\u00f3n por M\u00e9xico optaron por la propaganda negra y el bombardeo con decenas de millones de bots para presentar al presidente y la hoy virtual presidenta electa como \u201cnarcopresidente\u201d y \u201cnarcocandidata\u201d, lo que tuvo como pr\u00f3logo el art\u00edculo del New York Times y el libelo de Anabel Hern\u00e1ndez con los resultados conocidos y se resumen con el vocablo fracaso. No hubo quien les dijera, citando al cl\u00e1sico: \u201cEs la inseguridad, est\u00fapido\u201d.<\/p>\n<p><\/span><\/p>\n<p style=\"margin-right: 0cm; margin-left: 0cm; font-size: 16px; font-family: 'Times New Roman','serif'; margin: 0cm; margin-bottom: .0001pt; text-align: justify; text-indent: 35.4pt;\"><span style=\"font-family: 'Arial','sans-serif'; color: black;\">De acuerdo con el\u00a0<\/span><span style=\"font-family: 'Arial','sans-serif'; color: black;\">art\u00edculo 390 del C\u00f3digo Penal Federal, la extorsi\u00f3n, considerada como un delito de alto impacto, la comete \u201cquien sin derecho obligue a otro a dar, hacer, dejar de hacer o tolerar algo, para obtener un lucro para s\u00ed o para otro, o causando a alguien un perjuicio patrimonial\u2026\u201d<\/p>\n<p><\/span><\/p>\n<p style=\"margin-right: 0cm; margin-left: 0cm; font-size: 16px; font-family: 'Times New Roman','serif'; margin: 0cm; margin-bottom: .0001pt; text-align: justify; text-indent: 35.4pt;\"><span style=\"font-family: 'Arial','sans-serif'; color: black;\">A partir de que los denominados c\u00e1rteles de las drogas il\u00edcitas diversificaron sus actividades, se generaliz\u00f3 la extorsi\u00f3n. Sin embargo, en buena parte de las grandes empresas (l\u00edcitas) era una pr\u00e1ctica ordinaria. Alguna ocasi\u00f3n, en el Grupo Mar\u00eda Cristina, me platic\u00f3 un destacado dirigente del Partido de la Revoluci\u00f3n Democr\u00e1tica que a Graco Ram\u00edrez, gobernador de Morelos durante 2012-2018, Televisa le ped\u00eda 300 millones de pesos para bajarle a la campa\u00f1a \u201cinformativa\u201d sobre la inseguridad en el estado.<\/p>\n<p><\/span><\/p>\n<p style=\"margin-right: 0cm; margin-left: 0cm; font-size: 16px; font-family: 'Times New Roman','serif'; margin: 0cm; margin-bottom: .0001pt; text-align: justify; text-indent: 35.4pt;\"><span style=\"font-family: 'Arial','sans-serif'; color: black;\">Desconozco los datos sobre la extendida pr\u00e1ctica de la extorsi\u00f3n telef\u00f3nica que tambi\u00e9n se pr\u00e1ctica desde las c\u00e1rceles y es casi imposible cuantificarla, pero hasta hace tres a\u00f1os recib\u00ed llamadas diarias y la Asociaci\u00f3n de Bancos de M\u00e9xico y las autoridades del ramo no hacen nada sustantivo para orientar a los cuentahabientes, de los que obtienen inmensas ganancias los insaciables banqueros. Es decir, el problema tiene una buena dosis de carencia de informaci\u00f3n y hasta de educaci\u00f3n para protegerse de las extorsiones que est\u00e1n a la orden del d\u00eda en internet.<\/p>\n<p><\/span><\/p>\n<p style=\"margin-right: 0cm; margin-left: 0cm; font-size: 16px; font-family: 'Times New Roman','serif'; margin: 0cm; margin-bottom: .0001pt; text-align: justify; text-indent: 35.4pt;\"><span style=\"font-family: 'Arial','sans-serif'; color: black;\">El problema, entonces, rebasa y con mucho a las autoridades federales, m\u00e1s a\u00fan cuando gobernadores, alcaldes y bur\u00f3cratas de la pol\u00edtica convirtieron en ordinaria la pr\u00e1ctica de \u201cnadar de muertito\u201d al responsabilizar al titular Ejecutivo hasta de los delitos del fuero com\u00fan que se cometen en las localidades. El argumento resulta hilarante: \u201cL\u00f3pez Obrador es el que conduce el autom\u00f3vil\u201d.<\/p>\n<p><\/span><\/p>\n<p style=\"margin: 0cm; margin-bottom: .0001pt; font-size: 16px; font-family: 'Times New Roman','serif'; text-align: justify;\"><span style=\"font-family: 'Arial','sans-serif'; color: black;\">\u00a0 \u00a0 \u00a0 \u00a0 \u00a0 \u00a0 Tampoco son satisfactorios los resultados en materia de homicidios.\u00a0<\/span><span style=\"font-family: 'Arial','sans-serif'; color: black;\">En el primer semestre de 2024 el promedio diario de 81 homicidios dolosos en el pa\u00eds creci\u00f3 2% respecto al a\u00f1o pasado, al pasar a 83, lo que muestra una reversi\u00f3n en la tendencia a la baja que hab\u00eda tenido durante el gobierno del presidente Andr\u00e9s Manuel.<\/p>\n<p><\/span><\/p>\n<p style=\"margin: 0cm; margin-bottom: .0001pt; font-size: 16px; font-family: 'Times New Roman','serif'; text-align: justify; text-indent: 35.4pt;\"><span style=\"font-family: 'Arial','sans-serif'; color: black;\">Lo que resulta poco o nada comprensible es que la secretaria de Seguridad Publica, la muy competente Rosa Icela Rodr\u00edguez, en sus ratos libres atienda tareas ajenas a su vital sector, como son las Tandas del Bienestar, el programa para regularizar autom\u00f3viles estadunidenses en M\u00e9xico y el combate a la corrupci\u00f3n en el ISSSTE.<\/p>\n<p><\/span><\/p>\n<p style=\"margin-right: 0cm; margin-left: 0cm; font-size: 16px; font-family: 'Times New Roman','serif'; margin: 0cm; margin-bottom: .0001pt; text-align: center;\"><strong><span style=\"font-family: 'Arial','sans-serif'; color: black;\">Acuse de recibo<\/p>\n<p><\/span><\/strong><\/p>\n<p style=\"margin: 0cm; margin-bottom: .0001pt; font-size: 16px; font-family: 'Times New Roman','serif'; text-align: justify;\"><span style=\"font-family: 'Arial','sans-serif'; color: black;\">Durante dos bimestres la paraestatal Comisi\u00f3n Federal de Electricidad aument\u00f3 en forma considerable el cobro bimestral por el servicio en este domicilio y sin mediar tr\u00e1mite alguno el tercer recibo lleg\u00f3 con una reposici\u00f3n significativa. La decencia y eficacia de la CFE merecen ser registradas porque lo habitual es que se privilegien las fallas de los servicios p\u00fablicos\u2026 De Antonio Gershenson: \u201cEl conflicto entre Israel y Palestina debe terminar con el alto al fuego \u00a1de inmediato! as\u00ed como la detenci\u00f3n del ministro (Benjamin) Netanyahu y sus seguidores. Son criminales de guerra que deben ir a juicio\u201d. \u00a0\u00bfSer\u00e1 posible?&#8230; \u201cEn el portal Forum estamos en l\u00ednea con un nuevo sistema y m\u00e1s archivos para que usted los pueda consultar\u201d: HQH\u2026<\/span><span style=\"font-family: 'Arial','sans-serif'; color: black;\">\u00a0<\/span><a title=\"https:\/\/x.com\/esquivelgerardo\/status\/1813245043970289981\" href=\"https:\/\/x.com\/esquivelgerardo\/status\/1813245043970289981\"><span style=\"font-family: 'Arial','sans-serif'; color: black;\">https:\/\/x.com\/esquivelgerardo\/status\/1813245043970289981<\/span><\/a><span style=\"font-family: 'Arial','sans-serif'; color: black;\">\u00a0para: Cien mil pobres menos por mes, de Gerardo Esquivel\u2026 Y de Elba P\u00e9rez Villalba: \u201cA 85 a\u00f1os de la llegada del Sinaia, el \u2018Buque de la vida\u2019, aniversario del exilio espa\u00f1ol en M\u00e9xico. La dictadura franquista propici\u00f3 la ruptura de relaciones, por cuarenta a\u00f1os, del Estado mexicano con Espa\u00f1a.\u00a0<\/span><a href=\"https:\/\/www.notiver.com\/sociales\/conmemoran-85-aniversario-del-exilio-espa\u00f1ol-en-mexico\/\" target=\"_blank\" rel=\"noopener\"><span style=\"font-family: 'Arial','sans-serif'; color: black;\">https:\/\/www.notiver.com\/sociales\/conmemoran-85-aniversario-del-exilio-espa\u00f1ol-en-mexico\/<\/span><\/a><span style=\"font-family: 'Arial','sans-serif'; color: black;\">\u00a0(\u2026) \u201cLos republicanos espa\u00f1oles en el M\u00e9xico cardenista&#8221;, Abd\u00f3n Mateas, Universidad Nacional de Educaci\u00f3n a Distancia:<\/span><span style=\"font-family: 'Arial','sans-serif'; color: black;\">\u00a0<\/span><a href=\"https:\/\/revistaayer.com\/sites\/default\/files\/articulos\/47-5-ayer47_ExiliosEspa\u00f1aContemporanea_Lemus.pdf\"><span style=\"font-family: 'Arial','sans-serif'; color: black;\">https:\/\/revistaayer.com\/sites\/default\/files\/articulos\/47-5-ayer47_ExiliosEspa\u00f1aContemporanea_Lemus.pdf<\/span><\/a><\/p>\n<p style=\"margin: 0cm; margin-bottom: .0001pt; font-size: 16px; font-family: 'Times New Roman','serif'; text-align: justify;\">\n<p style=\"margin: 0cm; margin-bottom: .0001pt; font-size: 16px; font-family: 'Times New Roman','serif'; text-align: justify;\"><span style=\"font-size: 11px; font-family: 'Arial','sans-serif'; color: black;\">https:\/\/forumenlinea.com\/ \u00a0 \u00a0<\/span><a href=\"mailto:forum@forumenlinea.com\"><span style=\"font-size: 11px; font-family: 'Arial','sans-serif'; color: black; text-decoration: none;\">forum@forumenlinea.com<\/span><\/a><span style=\"font-size: 11px; font-family: 'Arial','sans-serif'; color: black;\">\u00a0 \u00a0 Twitter@IbarraAguirreEd<\/span><\/p>\n<p style=\"margin: 0cm; margin-bottom: .0001pt; font-size: 16px; font-family: 'Times New Roman','serif'; text-align: justify;\"><span style=\"font-size: 11px; font-family: 'Arial','sans-serif'; color: black;\">\u00a0<\/span><\/p>\n","protected":false},"excerpt":{"rendered":"<p>Utop\u00eda \u00a0 La extorsi\u00f3n, asignatura pendiente \u00a0 Eduardo Ibarra Aguirre \u00a0 En la recta final del sexenio de cinco a\u00f1os y 10 meses, el presidente Andr\u00e9s Manuel asume con todas sus letras que los altos \u00edndices de extorsi\u00f3n, \u201cuno de los que m\u00e1s da\u00f1o hace a los mexicanos\u201d y el&#8230;<\/p>\n<div class=\"more-link-wrapper\"><a class=\"more-link\" href=\"https:\/\/forumenlinea.com\/?p=4039\">Continuar leyendo<span class=\"screen-reader-text\"><\/span><\/a><\/div>\n","protected":false},"author":1,"featured_media":0,"comment_status":"closed","ping_status":"closed","sticky":false,"template":"","format":"standard","meta":{"footnotes":""},"categories":[2],"tags":[],"class_list":["post-4039","post","type-post","status-publish","format-standard","hentry","category-utopia","entry"],"_links":{"self":[{"href":"https:\/\/forumenlinea.com\/index.php?rest_route=\/wp\/v2\/posts\/4039","targetHints":{"allow":["GET"]}}],"collection":[{"href":"https:\/\/forumenlinea.com\/index.php?rest_route=\/wp\/v2\/posts"}],"about":[{"href":"https:\/\/forumenlinea.com\/index.php?rest_route=\/wp\/v2\/types\/post"}],"author":[{"embeddable":true,"href":"https:\/\/forumenlinea.com\/index.php?rest_route=\/wp\/v2\/users\/1"}],"replies":[{"embeddable":true,"href":"https:\/\/forumenlinea.com\/index.php?rest_route=%2Fwp%2Fv2%2Fcomments&post=4039"}],"version-history":[{"count":2,"href":"https:\/\/forumenlinea.com\/index.php?rest_route=\/wp\/v2\/posts\/4039\/revisions"}],"predecessor-version":[{"id":4043,"href":"https:\/\/forumenlinea.com\/index.php?rest_route=\/wp\/v2\/posts\/4039\/revisions\/4043"}],"wp:attachment":[{"href":"https:\/\/forumenlinea.com\/index.php?rest_route=%2Fwp%2Fv2%2Fmedia&parent=4039"}],"wp:term":[{"taxonomy":"category","embeddable":true,"href":"https:\/\/forumenlinea.com\/index.php?rest_route=%2Fwp%2Fv2%2Fcategories&post=4039"},{"taxonomy":"post_tag","embeddable":true,"href":"https:\/\/forumenlinea.com\/index.php?rest_route=%2Fwp%2Fv2%2Ftags&post=4039"}],"curies":[{"name":"wp","href":"https:\/\/api.w.org\/{rel}","templated":true}]}}