{"id":4025,"date":"2024-08-28T15:48:44","date_gmt":"2024-08-28T15:48:44","guid":{"rendered":"https:\/\/forumenlinea.com\/?p=4025"},"modified":"2024-09-04T15:55:48","modified_gmt":"2024-09-04T15:55:48","slug":"4025","status":"publish","type":"post","link":"https:\/\/forumenlinea.com\/?p=4025","title":{"rendered":""},"content":{"rendered":"<p style=\"margin-right: 0cm; margin-left: 0cm; font-size: 16px; font-family: 'Times New Roman','serif'; margin: 0cm; margin-bottom: .0001pt; text-align: justify;\"><span style=\"font-size: 19px; font-family: 'Arial','sans-serif'; color: black;\">Utop\u00eda<\/span><\/p>\n<p style=\"margin-right: 0cm; margin-left: 0cm; font-size: 16px; font-family: 'Times New Roman','serif'; margin: 0cm; margin-bottom: .0001pt; text-align: justify;\"><span style=\"font-family: 'Arial','sans-serif'; color: black;\">\u00a0<\/span><\/p>\n<p style=\"margin-right: 0cm; margin-left: 0cm; font-size: 16px; font-family: 'Times New Roman','serif'; margin: 0cm; margin-bottom: .0001pt; text-align: center;\"><strong><span style=\"font-size: 24px; font-family: 'Arial','sans-serif'; color: black;\">SCJN: Nerviosismo, coraje y rid\u00edculo<\/span><\/strong><\/p>\n<p style=\"margin-right: 0cm; margin-left: 0cm; font-size: 16px; font-family: 'Times New Roman','serif'; margin: 0cm; margin-bottom: .0001pt; text-align: justify;\"><span style=\"font-family: 'Arial','sans-serif'; color: black;\">\u00a0<\/span><\/p>\n<p style=\"margin-right: 0cm; margin-left: 0cm; font-size: 16px; font-family: 'Times New Roman','serif'; margin: 0cm; margin-bottom: .0001pt; text-align: justify;\"><strong><span style=\"font-family: 'Arial','sans-serif'; color: black;\">Eduardo Ibarra Aguirre<\/span><\/strong><\/p>\n<p style=\"margin-right: 0cm; margin-left: 0cm; font-size: 16px; font-family: 'Times New Roman','serif'; margin: 0cm; margin-bottom: .0001pt; text-align: justify;\"><span style=\"font-family: 'Arial','sans-serif'; color: black;\">\u00a0<\/span><\/p>\n<p style=\"margin: 0cm; margin-bottom: .0001pt; font-size: 16px; font-family: 'Times New Roman','serif'; text-align: justify;\"><span style=\"font-family: 'Arial','sans-serif'; color: black;\">Darle entrada\u00a0<\/span><span style=\"font-family: 'Arial','sans-serif'; color: black;\">a un recurso de la gris dirigencia del PAN, relacionado con la resoluci\u00f3n del Consejo General del INE en la que asign\u00f3 las senadur\u00edas y diputaciones plurinominales y que corresponder\u00eda resolver exclusivamente al Tribunal Electoral, es un caso todav\u00eda \u201cm\u00e1s descabellado\u201d de la ministra presidenta Norma Pi\u00f1a, de acuerdo con el presidente Andr\u00e9s Manuel.<\/p>\n<p><\/span><\/p>\n<p style=\"margin: 0cm; margin-bottom: .0001pt; font-size: 16px; font-family: 'Times New Roman','serif'; text-align: justify; text-indent: 35.4pt;\"><span style=\"font-family: 'Arial','sans-serif'; color: black;\">Lo que se public\u00f3 en las listas de la Corte establece que el asunto que analizar\u00e1 es una contradicci\u00f3n de tesis respecto a la asignaci\u00f3n de plurinominales de la Suprema Corte y del Tribunal Electoral. Y jura que \u201cSe actualiza la competencia de este Alto Tribunal para conocer de la denuncia de posible contradicci\u00f3n de criterios\u201d entre el Pleno de la SJCN y la Sala Superior del TEPJF y \u201cse admite a tr\u00e1mite\u201d. Pero el ministro Juan Luis Gonz\u00e1lez Alc\u00e1ntara y Carranc\u00e1 pint\u00f3 muy bien su raya.<\/p>\n<p><\/span><\/p>\n<p style=\"margin: 0cm; margin-bottom: .0001pt; font-size: 16px; font-family: 'Times New Roman','serif'; text-align: justify; text-indent: 35.4pt;\"><span style=\"font-family: 'Arial','sans-serif'; color: black;\">\u201cLo m\u00e1s descabellado\u201d es en comparaci\u00f3n con otra de Pi\u00f1a Hern\u00e1ndez, consistente en dar entrada a dos expedientes relacionados con evasi\u00f3n fiscal de Grupo Azteca, del hom\u00f3fobo Ricardo Salinas, \u201cde manera arbitraria no s\u00f3lo les da entrada sino que uno menor, creo que 2 000 millones se lo entrega a una ministra m\u00e1s decente (Yasm\u00edn Esquivel Mossa) y el de los 33 000 millones de pesos, se lo entrega a un ministro (Alberto P\u00e9rez Day\u00e1n) que siempre ha defendido a potentados\u201d. Y no precisamente de manera altruista, como se vio \u00a0la noche del 24 en la Arena de la Ciudad de M\u00e9xico.<\/p>\n<p><\/span><\/p>\n<p style=\"margin: 0cm; margin-bottom: .0001pt; font-size: 16px; font-family: 'Times New Roman','serif'; text-align: justify; text-indent: 35.4pt;\"><span style=\"font-family: 'Arial','sans-serif'; color: black;\">En un desacostumbrado mensaje, L\u00f3pez Obrador anunci\u00f3 que contra Norma Pi\u00f1a \u2013a quien parodia muy bien Jairo Calixto\u2013 \u201cproceder\u00eda denunciarla y pedir juicio pol\u00edtico, pero si hacemos eso, imag\u00ednense, si ya fueron a la OEA. \u00a1Huy qu\u00e9 miedo! Ahora ir\u00edan a quejarse con el rey de Espa\u00f1a\u201d.<\/p>\n<p><\/span><\/p>\n<p style=\"margin: 0cm; margin-bottom: .0001pt; font-size: 16px; font-family: 'Times New Roman','serif'; text-align: justify; text-indent: 35.4pt;\"><span style=\"font-family: 'Arial','sans-serif'; color: black;\">Lo anterior en medio de una brutal ofensiva pol\u00edtica y jur\u00eddica, callejera y laboral \u2013con un paro de jueces con goce de espl\u00e9ndido sueldo\u2013, en los medios de la dictadura mexicana y estadunidense, las calificadoras y bancos, relatores de la ONU y los embajadores de Estados Unidos y Canad\u00e1, y muchos m\u00e1s en contra de que las instituciones nacionales decidan por su propia cuenta y en plena independencia la suerte de la mayor\u00eda calificada en la Congreso de la Uni\u00f3n y la reforma judicial para que los ciudadanos elijan a los jueces, como sucede en 42 de los 50 estados de la Uni\u00f3n Americana, Bolivia y Jap\u00f3n.<\/p>\n<p><\/span><\/p>\n<p style=\"margin: 0cm; margin-bottom: .0001pt; font-size: 16px; font-family: 'Times New Roman','serif'; text-align: justify; text-indent: 35.4pt;\"><span style=\"font-family: 'Arial','sans-serif'; color: black;\">Ofensiva que est\u00e1 muy bien aceitada desde Washington, como es su antigua costumbre para Am\u00e9rica Latina y el Caribe, donde todo indica que el embajador Ken Salazar recibi\u00f3 \u00f3rdenes del Departamento de Estado para meterse en los dos caros temas mexicanos hasta la cocina, sin medir el alcance de sus intervencionistas palabras como si fuera proc\u00f3nsul del imperio USA, pues los subalternos de Antony Blinken subestimaron la categ\u00f3rica reacci\u00f3n del presidente en funciones y de la presidenta electa en la defensa puntual y en\u00e9rgica de la soberan\u00eda nacional.<\/p>\n<p><\/span><\/p>\n<p style=\"margin: 0cm; margin-bottom: .0001pt; font-size: 16px; font-family: 'Times New Roman','serif'; text-align: justify; text-indent: 35.4pt;\"><span style=\"font-family: 'Arial','sans-serif'; color: black;\">El sombrerudo que se dice amigo de Joseph Biden reaccion\u00f3 como aprendiz despu\u00e9s del torpe desaguisado y ofreci\u00f3 \u201cdialogar con el presidente sobre la reforma judicial\u201d, y en concisas y claridosas palabras lo mandaron a la finca de Palenque, Chiapas, denominada La Chingada. Y el se\u00f1or se vio obligado a recular ante la decisi\u00f3n de Obrador de poner \u201cen pausa\u201d la relaci\u00f3n con los embajadores de Estados Unidos y Canad\u00e1 en M\u00e9xico, en el segundo caso por arrastrado ante los agravios del imperio de las barras y las estrellas contra M\u00e9xico.<\/p>\n<p><\/span><\/p>\n<p style=\"margin: 0cm; margin-bottom: .0001pt; font-size: 16px; font-family: 'Times New Roman','serif'; text-align: justify; text-indent: 35.4pt;\"><span style=\"font-family: 'Arial','sans-serif'; color: black;\">Kamala Harris lo reconoci\u00f3 con todo el cinismo de que son capaces los pol\u00edticos imperiales: \u201c<\/span><span style=\"font-family: 'Arial','sans-serif'; color: black;\">Como comandanta en jefe, yo asegurar\u00e9 que Estados Unidos siempre tenga la fuerza de lucha m\u00e1s fuerte y letal del mundo (\u2026) Fortaleceremos, no abdicaremos, nuestro liderazgo global\u201d. La mayor\u00eda de los convencionistas del Partido Dem\u00f3crata respondieron, el d\u00eda 22, como siempre: \u201cU-S-A, U-S-A\u201d.<\/p>\n<p><\/span><\/p>\n<p style=\"margin: 0cm; margin-bottom: .0001pt; font-size: 16px; font-family: 'Times New Roman','serif'; text-align: center; text-indent: 35.4pt;\"><strong><span style=\"font-family: 'Arial','sans-serif'; color: black;\">Acuse de recibo<\/p>\n<p><\/span><\/strong><\/p>\n<p style=\"margin: 0cm; margin-bottom: .0001pt; font-size: 16px; font-family: 'Times New Roman','serif'; text-align: justify;\"><span style=\"font-family: 'Arial','sans-serif'; color: black;\">Opini\u00f3n de Teresa Gil. \u201cEs ofensivo al extremo que la se\u00f1ora Kamala Harris que ha apoyado a Joe Biden en la masacre contra Palestina, haga sonriente una campa\u00f1a, como \u2018Guerrera feliz\u2019, mientras a diario Netanyahu asesina gente inocente, entre ellos ni\u00f1os. Y ver el cinismo de los que se alegran en su despunte, entre ellos los Clinton, los Obama y dem\u00e1s. Como candidata (\u00bfde los males el menor?), al menos deber\u00eda exigir en este momento, que el gobierno gringo en el que todav\u00eda est\u00e1, suspenda los apoyos. La matanza es atroz\u201d\u2026 \u201cLes dijimos del plan A, se burlaron y lo rechazaron. Les dijimos del plan B, se burlaron y lo rechazaron. Les dijimos del plan C, se burlaron, los arrasamos en las urnas y ahora est\u00e1n llorando. Con el Pueblo no se juega, al Pueblo se le obedece. @Rocha4T\u201d\u2026 Falleci\u00f3 Ignacio Carrillo Prieto, fiscal de los movimientos sociales (OFEMOSPP), durante 2002-2005, abogado y acad\u00e9mico; en un hecho sin precedente logr\u00f3 el arresto domiciliario durante 800 d\u00edas de Luis Echeverr\u00eda \u00c1lvarez, el genocida del 2 de octubre de 1968 y el 10 de junio de 1971:\u00a0<\/span><a href=\"https:\/\/www.jornada.com.mx\/2024\/08\/26\/politica\/005n1pol\"><span style=\"font-family: 'Arial','sans-serif'; color: black;\">https:\/\/www.jornada.com.mx\/2024\/08\/26\/politica\/005n1pol<\/span><\/a><\/p>\n<p style=\"margin: 0cm; margin-bottom: .0001pt; font-size: 16px; font-family: 'Times New Roman','serif';\"><span style=\"font-size: 11px; font-family: 'Arial','sans-serif'; color: black;\">https:\/\/forumenlinea.com\/ (Ahora estamos en l\u00ednea con nuevo sistema y m\u00e1s archivos para consulta).<\/span><\/p>\n","protected":false},"excerpt":{"rendered":"<p>Utop\u00eda \u00a0 SCJN: Nerviosismo, coraje y rid\u00edculo \u00a0 Eduardo Ibarra Aguirre \u00a0 Darle entrada\u00a0a un recurso de la gris dirigencia del PAN, relacionado con la resoluci\u00f3n del Consejo General del INE en la que asign\u00f3 las senadur\u00edas y diputaciones plurinominales y que corresponder\u00eda resolver exclusivamente al Tribunal Electoral, es un&#8230;<\/p>\n<div class=\"more-link-wrapper\"><a class=\"more-link\" href=\"https:\/\/forumenlinea.com\/?p=4025\">Continuar leyendo<span class=\"screen-reader-text\"><\/span><\/a><\/div>\n","protected":false},"author":1,"featured_media":0,"comment_status":"closed","ping_status":"closed","sticky":false,"template":"","format":"standard","meta":{"footnotes":""},"categories":[2],"tags":[],"class_list":["post-4025","post","type-post","status-publish","format-standard","hentry","category-utopia","entry"],"_links":{"self":[{"href":"https:\/\/forumenlinea.com\/index.php?rest_route=\/wp\/v2\/posts\/4025","targetHints":{"allow":["GET"]}}],"collection":[{"href":"https:\/\/forumenlinea.com\/index.php?rest_route=\/wp\/v2\/posts"}],"about":[{"href":"https:\/\/forumenlinea.com\/index.php?rest_route=\/wp\/v2\/types\/post"}],"author":[{"embeddable":true,"href":"https:\/\/forumenlinea.com\/index.php?rest_route=\/wp\/v2\/users\/1"}],"replies":[{"embeddable":true,"href":"https:\/\/forumenlinea.com\/index.php?rest_route=%2Fwp%2Fv2%2Fcomments&post=4025"}],"version-history":[{"count":7,"href":"https:\/\/forumenlinea.com\/index.php?rest_route=\/wp\/v2\/posts\/4025\/revisions"}],"predecessor-version":[{"id":4037,"href":"https:\/\/forumenlinea.com\/index.php?rest_route=\/wp\/v2\/posts\/4025\/revisions\/4037"}],"wp:attachment":[{"href":"https:\/\/forumenlinea.com\/index.php?rest_route=%2Fwp%2Fv2%2Fmedia&parent=4025"}],"wp:term":[{"taxonomy":"category","embeddable":true,"href":"https:\/\/forumenlinea.com\/index.php?rest_route=%2Fwp%2Fv2%2Fcategories&post=4025"},{"taxonomy":"post_tag","embeddable":true,"href":"https:\/\/forumenlinea.com\/index.php?rest_route=%2Fwp%2Fv2%2Ftags&post=4025"}],"curies":[{"name":"wp","href":"https:\/\/api.w.org\/{rel}","templated":true}]}}