{"id":3924,"date":"2024-08-02T22:14:27","date_gmt":"2024-08-02T22:14:27","guid":{"rendered":"https:\/\/forumenlinea.com\/?p=3924"},"modified":"2024-08-08T22:28:30","modified_gmt":"2024-08-08T22:28:30","slug":"3924","status":"publish","type":"post","link":"https:\/\/forumenlinea.com\/?p=3924","title":{"rendered":""},"content":{"rendered":"<p style=\"margin-right: 0cm; margin-left: 0cm; font-size: 16px; font-family: 'Times New Roman','serif'; margin: 0cm; margin-bottom: .0001pt;\"><span style=\"font-size: 19px; font-family: 'Arial','sans-serif'; color: black;\">Utop\u00eda<\/span><\/p>\n<p style=\"margin-right: 0cm; margin-left: 0cm; font-size: 16px; font-family: 'Times New Roman','serif'; margin: 0cm; margin-bottom: .0001pt; text-align: center;\"><strong><span style=\"font-size: 24px; font-family: 'Arial','sans-serif'; color: black;\">Sheinbaum Pardo y Los 43<\/span><\/strong><\/p>\n<p style=\"margin-right: 0cm; margin-left: 0cm; font-size: 16px; font-family: 'Times New Roman','serif'; margin: 0cm; margin-bottom: .0001pt;\"><strong><span style=\"font-family: 'Arial','sans-serif'; color: black;\">Eduardo Ibarra Aguirre<\/span><\/strong><\/p>\n<p style=\"margin-right: 0cm; margin-left: 0cm; font-size: 16px; font-family: 'Times New Roman','serif'; margin: 0cm; margin-bottom: .0001pt;\"><span style=\"font-family: 'Arial','sans-serif'; color: black;\">\u00a0<\/span><\/p>\n<p style=\"margin-right: 0cm; margin-left: 0cm; font-size: 16px; font-family: 'Times New Roman','serif'; margin: 0cm; margin-bottom: .0001pt; text-align: justify;\"><span style=\"font-family: 'Arial','sans-serif'; color: black;\">La virtual presidenta electa, Claudia Sheinbaum, se encontr\u00f3 por primera vez el martes 30, con los padres y madres, y en alg\u00fan caso el t\u00edo, de los 43 estudiantes desaparecidos, normalistas rurales de Ayotzinapa, pero que a estas alturas son 41, pues hace tiempo fueron identificados dos j\u00f3venes, mas predomin\u00f3 en este caso la fuerza de la costumbre.<\/p>\n<p><\/span><\/p>\n<p style=\"margin-right: 0cm; margin-left: 0cm; font-size: 16px; font-family: 'Times New Roman','serif'; margin: 0cm; margin-bottom: .0001pt; text-align: justify; text-indent: 35.4pt;\"><span style=\"font-family: 'Arial','sans-serif'; color: black;\">El hecho es que la pr\u00f3xima presidenta de M\u00e9xico\u00a0<\/span><span style=\"font-family: 'Arial','sans-serif'; color: black;\">\u2013condici\u00f3n\u00a0<\/span><span style=\"font-family: 'Arial','sans-serif'; color: black;\">que nadie se atrever\u00eda a poner en duda en t\u00e9rminos de ley por m\u00e1s que el dogmatismo los aprisione<\/span><span style=\"font-family: 'Arial','sans-serif'; color: black;\">\u2013<\/span><span style=\"font-family: 'Arial','sans-serif'; color: black;\">, se pronunci\u00f3 en forma abierta porque \u201clos siguientes encuentros sean igualmente con ellos, y no s\u00f3lo con los abogados\u201d, como se inform\u00f3 con imprecisi\u00f3n.<\/p>\n<p><\/span><\/p>\n<p style=\"margin-right: 0cm; margin-left: 0cm; font-size: 16px; font-family: 'Times New Roman','serif'; margin: 0cm; margin-bottom: .0001pt; text-align: justify; text-indent: 35.4pt;\"><span style=\"font-family: 'Arial','sans-serif'; color: black;\">Por fortuna la doctora fue expl\u00edcita, \u201c<\/span><span style=\"font-family: 'Arial','sans-serif'; color: black;\">ellos me plantearon reunirnos con los abogados y les dije que yo prefer\u00eda seguirnos reuniendo con ellos, con los padres y las madres, porque es distinto, siempre, \u00bfno?, reunirse directamente con las v\u00edctimas que solamente con los abogados. Entonces, quedamos en eso\u201d. As\u00ed de directa y ejecutiva result\u00f3 la exjefa de gobierno de la Ciudad de M\u00e9xico quien dentro de 60 d\u00edas despachar\u00e1 en Palacio Nacional.<\/p>\n<p><\/span><\/p>\n<p style=\"margin-right: 0cm; margin-left: 0cm; font-size: 16px; font-family: 'Times New Roman','serif'; margin: 0cm; margin-bottom: .0001pt; text-align: justify; text-indent: 35.4pt;\"><span style=\"font-family: 'Arial','sans-serif'; color: black;\">Lo que llama la atenci\u00f3n es que hasta el momento de redactar estas l\u00edneas no encontr\u00e9 reacci\u00f3n en sentido contrario ni de los familiares ni de los abogados que con beligerancia singular \u2013que lleg\u00f3 a rayar en la provocaci\u00f3n al derribar una puerta de Palacio Nacional con un veh\u00edculo \u201crobado\u201d a la Comisi\u00f3n Federal de Electricidad\u2013 encabeza Vidulfo Rosales, el litigante que m\u00e1s bien se desenvuelve como dirigente de la confrontaci\u00f3n con el gobierno de Guerrero y el federal.<\/p>\n<p><\/span><\/p>\n<p style=\"margin-right: 0cm; margin-left: 0cm; font-size: 16px; font-family: 'Times New Roman','serif'; margin: 0cm; margin-bottom: .0001pt; text-align: justify; text-indent: 35.4pt;\"><span style=\"font-family: 'Arial','sans-serif'; color: black;\">A comienzos de 2024, el presidente Andr\u00e9s Manuel intent\u00f3 hacer lo que ahora da por hecho la doctora y no pocas de las denominadas organizaciones no gubernamentales \u2013pese a que sostienen v\u00ednculos econ\u00f3micos y de otro tipo con la Uni\u00f3n Europea y el Congreso de Estados Unidos\u2013, adem\u00e1s de los abogados y organismos mexicanos de defensa de los derechos humanos reaccionaron airadamente en contra del intento presidencial de reunirse y deliberar con los familiares de los 43 sin que medie la presencia de los que \u201cadministran el conflicto\u201d, en palabras de L\u00f3pez Obrador.<\/p>\n<p><\/span><\/p>\n<p style=\"margin-right: 0cm; margin-left: 0cm; font-size: 16px; font-family: 'Times New Roman','serif'; margin: 0cm; margin-bottom: .0001pt; text-align: justify; text-indent: 35.4pt;\"><span style=\"font-family: 'Arial','sans-serif'; color: black;\">Y ahora Julio Hern\u00e1ndez L\u00f3pez, autor de la columna Astillero, aporta una reflexi\u00f3n para justificar la inviabilidad del prop\u00f3sito de AMLO. As\u00ed lo explica:<\/p>\n<p><\/span><\/p>\n<p style=\"margin-right: 0cm; margin-left: 0cm; font-size: 16px; font-family: 'Times New Roman','serif'; margin: 0cm; margin-bottom: .0001pt; text-align: justify; text-indent: 35.4pt;\"><span style=\"font-family: 'Arial','sans-serif'; color: black;\">\u201cA juicio de este tecleador, no corresponde a los titulares de poderes del Estado determinar la forma en que puedan y deban defenderse y asesorarse quienes son v\u00edctimas acusatorias de abusos de \u00e1mbitos de ese mismo Estado (en el caso, sobre todo, el poder militar). No es la Presidencia de la Rep\u00fablica, ni la saliente ni la entrante, la instancia que debe excluir a abogados e instancias de defensa de derechos humanos a quienes los familiares han reiterado respaldo, como acompa\u00f1antes confiables en su larga lucha.\u201d<\/p>\n<p><\/span><\/p>\n<p style=\"margin-right: 0cm; margin-left: 0cm; font-size: 16px; font-family: 'Times New Roman','serif'; margin: 0cm; margin-bottom: .0001pt; text-align: justify; text-indent: 35.4pt;\"><span style=\"font-family: 'Arial','sans-serif'; color: black;\">Si entend\u00ed bien el titular de Ejecutivo federal, en este caso espec\u00edfico producto legal y leg\u00edtimo de una elecci\u00f3n que hasta 2018 fue la que cont\u00f3 con el mayor n\u00famero de votantes, incluso por L\u00f3pez Obrador, \u00bfno est\u00e1 en condiciones de decidir a qui\u00e9n recibe y con qui\u00e9n dialoga? Con todo respeto, parece una interpretaci\u00f3n demasiado forzada, pero cada quien su punto de vista.<\/p>\n<p><\/span><\/p>\n<p style=\"margin-right: 0cm; margin-left: 0cm; font-size: 16px; font-family: 'Times New Roman','serif'; margin: 0cm; margin-bottom: .0001pt; text-align: justify; text-indent: 35.4pt;\"><span style=\"font-family: 'Arial','sans-serif'; color: black;\">En todo caso, resulta plausible que los representantes de los familiares de las v\u00edctimas reflexionen m\u00e1s su reacci\u00f3n a la decisi\u00f3n de Sheinbaum porque lo que m\u00e1s importa es localizar los restos de los estudiantes y, con frecuencia, no aparece en un primer plano para todos los interesados en esta importante tarea.<\/p>\n<p><\/span><\/p>\n<p style=\"margin-right: 0cm; margin-left: 0cm; font-size: 16px; font-family: 'Times New Roman','serif'; margin: 0cm; margin-bottom: .0001pt; text-align: center;\"><strong><span style=\"font-family: 'Arial','sans-serif'; color: black;\">Acuse de recibo<\/p>\n<p><\/span><\/strong><\/p>\n<p style=\"margin-right: 0cm; margin-left: 0cm; font-size: 16px; font-family: 'Times New Roman','serif'; margin: 0cm; margin-bottom: .0001pt; text-align: justify;\"><span style=\"font-family: 'Arial','sans-serif'; color: black;\">Tras el susto de fin de semana, los buenos deseos\u2026 \u201cEstimado Eduardo: Entend\u00ed por tu correo que est\u00e1s enfermo, \u00bfes as\u00ed? Espero mejores. Saludos. Elba\u201d (P\u00e9rez Villalba)&#8230; \u201cTere Gil. Eduardo espero que ya est\u00e9s bien. En algo que podamos ayudar, ll\u00e1manos. Un abrazo\u201d\u2026 \u201cJorge Mel\u00e9ndez.\u00a0<\/span><span style=\"font-family: 'Arial','sans-serif'; color: black;\">Abrazos al ejemplar Alexis y a su pap\u00e1\u201d\u2026 \u201cTere Gil. \u201cCu\u00eddate bien, estamos pendientes\u2026 Opini\u00f3n de Luz Garc\u00eda: \u201cEl sistema de salud IMSS-Bienestar, se ha vuelto un suplicio para los que aspiran a un servicio de calidad, un tema poco tocado por la prensa y comentaristas de los medios. Y parece que el director del IMSS y el presidente a\u00fan no se dan cuenta\u201d (<\/span><a href=\"https:\/\/indicepolitico.com\/category\/eduardo-ibarra-aguirre\/)\"><span style=\"font-family: 'Arial','sans-serif'; color: black;\">https:\/\/indicepolitico.com\/category\/eduardo-ibarra-aguirre\/)<\/span><\/a><span style=\"font-family: 'Arial','sans-serif'; color: black;\">&#8230;\u00a0<\/span><span style=\"font-family: 'Arial','sans-serif'; color: black;\">Invitaci\u00f3n de Enrique Dussel Peters. \u201c(\u2026) interesados en la relaci\u00f3n de China con Am\u00e9rica Latina, el Caribe y M\u00e9xico (\u2026): los invitamos a participar en el curso que la UNAM\/Facultad de Econom\u00eda\/Cechimex y el Colegio de M\u00e9xico\/CEAA venimos impartiendo desde 2017 titulado Entendiendo a China 2024. El curso de 40 horas en 10 s\u00e1bados y v\u00eda<strong><em>\u00a0<\/em><\/strong>Zoom, inicia el 17 de agosto, es interdisciplinario e impartido por ponentes de alta calidad en temas internacionales, hist\u00f3ricos, pol\u00edticos, migratorios, econ\u00f3micos, ambientales, lo que permite integrarse al conocimiento sobre China en Am\u00e9rica Latina y M\u00e9xico. La inscripci\u00f3n al curso se encuentra abierta hasta el 10 de agosto\u201d.<strong><u>\u00a0<\/u><\/strong><\/span><a href=\"http:\/\/www.economia.unam.mx\/cechimex\/index.php\/es\/curso-general-menu\"><span style=\"font-family: 'Arial','sans-serif'; color: black;\">http:\/\/www.economia.unam.mx\/cechimex\/index.php\/es\/curso-general-menu<\/span><\/a><\/p>\n<p style=\"margin-right: 0cm; margin-left: 0cm; font-size: 16px; font-family: 'Times New Roman','serif'; margin: 0cm; margin-bottom: .0001pt;\"><span style=\"font-size: 11px; font-family: 'Arial','sans-serif'; color: black;\">https:\/\/forumenlinea.com\/ (Ahora estamos en l\u00ednea con nuevo sistema y m\u00e1s archivos para consulta).<\/span><\/p>\n","protected":false},"excerpt":{"rendered":"<p>Utop\u00eda Sheinbaum Pardo y Los 43 Eduardo Ibarra Aguirre \u00a0 La virtual presidenta electa, Claudia Sheinbaum, se encontr\u00f3 por primera vez el martes 30, con los padres y madres, y en alg\u00fan caso el t\u00edo, de los 43 estudiantes desaparecidos, normalistas rurales de Ayotzinapa, pero que a estas alturas son&#8230;<\/p>\n<div class=\"more-link-wrapper\"><a class=\"more-link\" href=\"https:\/\/forumenlinea.com\/?p=3924\">Continuar leyendo<span class=\"screen-reader-text\"><\/span><\/a><\/div>\n","protected":false},"author":1,"featured_media":0,"comment_status":"open","ping_status":"closed","sticky":false,"template":"","format":"standard","meta":{"footnotes":""},"categories":[2],"tags":[],"class_list":["post-3924","post","type-post","status-publish","format-standard","hentry","category-utopia","entry"],"_links":{"self":[{"href":"https:\/\/forumenlinea.com\/index.php?rest_route=\/wp\/v2\/posts\/3924","targetHints":{"allow":["GET"]}}],"collection":[{"href":"https:\/\/forumenlinea.com\/index.php?rest_route=\/wp\/v2\/posts"}],"about":[{"href":"https:\/\/forumenlinea.com\/index.php?rest_route=\/wp\/v2\/types\/post"}],"author":[{"embeddable":true,"href":"https:\/\/forumenlinea.com\/index.php?rest_route=\/wp\/v2\/users\/1"}],"replies":[{"embeddable":true,"href":"https:\/\/forumenlinea.com\/index.php?rest_route=%2Fwp%2Fv2%2Fcomments&post=3924"}],"version-history":[{"count":5,"href":"https:\/\/forumenlinea.com\/index.php?rest_route=\/wp\/v2\/posts\/3924\/revisions"}],"predecessor-version":[{"id":3935,"href":"https:\/\/forumenlinea.com\/index.php?rest_route=\/wp\/v2\/posts\/3924\/revisions\/3935"}],"wp:attachment":[{"href":"https:\/\/forumenlinea.com\/index.php?rest_route=%2Fwp%2Fv2%2Fmedia&parent=3924"}],"wp:term":[{"taxonomy":"category","embeddable":true,"href":"https:\/\/forumenlinea.com\/index.php?rest_route=%2Fwp%2Fv2%2Fcategories&post=3924"},{"taxonomy":"post_tag","embeddable":true,"href":"https:\/\/forumenlinea.com\/index.php?rest_route=%2Fwp%2Fv2%2Ftags&post=3924"}],"curies":[{"name":"wp","href":"https:\/\/api.w.org\/{rel}","templated":true}]}}