{"id":3830,"date":"2024-07-17T14:31:00","date_gmt":"2024-07-17T14:31:00","guid":{"rendered":"https:\/\/forumenlinea.com\/?p=3830"},"modified":"2024-08-06T18:16:35","modified_gmt":"2024-08-06T18:16:35","slug":"3830","status":"publish","type":"post","link":"https:\/\/forumenlinea.com\/?p=3830","title":{"rendered":""},"content":{"rendered":"\n<div class=\"WordSection1\">\n\n<p class=\"s-s\" style=\"margin:0cm;margin-bottom:.0001pt\"><span style=\"font-size:\n14.0pt;font-family:&quot;Arial&quot;,&quot;sans-serif&quot;;color:black;mso-themecolor:text1\">Utop\u00eda<o:p><\/o:p><\/span><\/p>\n\n<p class=\"s-s\" style=\"margin:0cm;margin-bottom:.0001pt;tab-stops:57.6pt\"><span style=\"font-family:&quot;Arial&quot;,&quot;sans-serif&quot;;color:black;mso-themecolor:text1\"><o:p>&nbsp;<\/o:p><\/span><\/p>\n\n<p class=\"s-s\" align=\"center\" style=\"margin:0cm;margin-bottom:.0001pt;text-align:\ncenter\"><b style=\"mso-bidi-font-weight:normal\"><span style=\"font-size:18.0pt;\nfont-family:&quot;Arial&quot;,&quot;sans-serif&quot;;color:black;mso-themecolor:text1\">Acaparan el\nagua 3 304 usuarios privados<o:p><\/o:p><\/span><\/b><\/p>\n\n<p class=\"s-s\" style=\"margin:0cm;margin-bottom:.0001pt\"><span style=\"font-family:\n&quot;Arial&quot;,&quot;sans-serif&quot;;color:black;mso-themecolor:text1\"><o:p>&nbsp;<\/o:p><\/span><\/p>\n\n<p class=\"s-s\" style=\"margin:0cm;margin-bottom:.0001pt\"><b style=\"mso-bidi-font-weight:\nnormal\"><span style=\"font-family:&quot;Arial&quot;,&quot;sans-serif&quot;;color:black;mso-themecolor:\ntext1\">Eduardo Ibarra Aguirre<o:p><\/o:p><\/span><\/b><\/p>\n\n\n\n<p class=\"MsoNormal\" style=\"text-align:justify\"><span style=\"font-family:&quot;Arial&quot;,&quot;sans-serif&quot;;\nmso-fareast-font-family:Calibri;mso-fareast-theme-font:minor-latin;color:black;\nmso-themecolor:text1;mso-fareast-language:EN-US\">En nuestro pa\u00eds son 3 304\ngrandes usuarios privados los que explotan y acaparan el agua por medio de\nconcesiones, lo que constituye \u201cuna privatizaci\u00f3n encubierta\u201d<span style=\"mso-spacerun:yes\">&nbsp; <\/span>que, simult\u00e1neamente, vulnera el derecho\nhumano al vital l\u00edquido a millones de mexicanos. Lo anterior sucede a partir de\nque la Ley de Aguas Nacionales, aprobada y expedida en 1992, rige en la\nmateria.<o:p><\/o:p><\/span><\/p>\n\n<p class=\"MsoNormal\" style=\"text-align:justify;text-indent:35.4pt\"><span style=\"font-family:&quot;Arial&quot;,&quot;sans-serif&quot;;mso-fareast-font-family:Calibri;\nmso-fareast-theme-font:minor-latin;color:black;mso-themecolor:text1;mso-fareast-language:\nEN-US\">La contundente aseveraci\u00f3n corresponde a la organizaci\u00f3n social<span style=\"mso-spacerun:yes\">&nbsp;&nbsp; <\/span>denominada Asamblea Nacional por el Agua, la\nVida y el Territorio, integrada entre otros organismos por el Congreso Nacional\nInd\u00edgena, la comunidad otom\u00ed residente en la capital mexicana, representantes\nde varios estados del pa\u00eds, grupos locales y sindicatos que, dicen, buscan\nfortalecer la organizaci\u00f3n comunitaria y proponer acciones efectivas frente a\nla crisis h\u00eddrica desde la acci\u00f3n y la denuncia.<o:p><\/o:p><\/span><\/p>\n\n<p class=\"MsoNormal\" style=\"text-align:justify;text-indent:35.4pt\"><span style=\"font-family:&quot;Arial&quot;,&quot;sans-serif&quot;;mso-fareast-font-family:Calibri;\nmso-fareast-theme-font:minor-latin;color:black;mso-themecolor:text1;mso-fareast-language:\nEN-US\">Todav\u00eda m\u00e1s datos y hechos ilustrativos de los asamble\u00edstas. La Comisi\u00f3n\nNacional del Agua entreg\u00f3 514 000 concesiones, lo que la convierte en \u201cresponsable\ndirecta de la cat\u00e1strofe\u201d que el saqueo provoca en las comunidades de todo el\nterritorio nacional. Son 28 entidades de un total de 32 las que reportan sequ\u00eda\nen 50% de su territorio y en Chihuahua, Durango, Quer\u00e9taro y Sonora, los casos\nextremos, se acent\u00faa m\u00e1s.<o:p><\/o:p><\/span><\/p>\n\n<p class=\"MsoNormal\" style=\"text-align:justify;text-indent:35.4pt\"><span style=\"font-family:&quot;Arial&quot;,&quot;sans-serif&quot;;mso-fareast-font-family:Calibri;\nmso-fareast-theme-font:minor-latin;color:black;mso-themecolor:text1;mso-fareast-language:\nEN-US\">Los integrantes de esta suerte de oligopolio del agua en M\u00e9xico \u2013un bien\nestrat\u00e9gico como muy pocos y que fue p\u00fablico hasta antes del auge del\ncapitalismo salvaje, popularmente conocido como neoliberalismo\u2013 tienen nombres\nde marcas comerciales afamadas en las regiones, el pa\u00eds y el orbe. La\norganizaci\u00f3n subraya que aun as\u00ed la Conagua otorga permisos a \u201cgrandes empresas\nque no s\u00f3lo sobrexplotan el agua, tambi\u00e9n la contaminan\u201d; es el caso de Granjas\nCarroll, que cuenta con 14 t\u00edtulos de concesi\u00f3n para explotar por 30 a\u00f1os m\u00e1s\nde 2 millones 182 489 metros c\u00fabicos de agua en Puebla, mientras los campesinos\nde la cuenca Libres-Oriental carecen del recurso para el riego de sus parcelas.<o:p><\/o:p><\/span><\/p>\n\n<p class=\"MsoNormal\" style=\"text-align:justify;text-indent:35.4pt\"><span style=\"font-family:&quot;Arial&quot;,&quot;sans-serif&quot;;mso-fareast-font-family:Calibri;\nmso-fareast-theme-font:minor-latin;color:black;mso-themecolor:text1;mso-fareast-language:\nEN-US\">Algunas de las trasnacionales responsables del saqueo del vital l\u00edquido\nson Coca-Cola, Pepsi, Danone, Nestl\u00e9, Bimbo, <span class=\"SpellE\">Lala<\/span>, FEMSA,\n<span class=\"SpellE\">Ternium<\/span>, Grupo M\u00e9xico y <span class=\"SpellE\">Driscoll<\/span>,\nentre otras, que extraen directamente miles de millones de litros de agua al\na\u00f1o con la finalidad de comercializarla y elaborar productos generadores de\nenfermedades cr\u00f3nicas como diabetes y c\u00e1ncer. Tal y como est\u00e1 documentado por\nla Secretar\u00eda de Salud y el Poder del Consumidor, entre m\u00faltiples organismos\nespecializados.<o:p><\/o:p><\/span><\/p>\n\n<p class=\"MsoNormal\" style=\"text-align:justify;text-indent:35.4pt\"><span style=\"font-family:&quot;Arial&quot;,&quot;sans-serif&quot;;mso-fareast-font-family:Calibri;\nmso-fareast-theme-font:minor-latin;color:black;mso-themecolor:text1;mso-fareast-language:\nEN-US\">Juicios y hechos denunciados por la Asamblea Nacional por el Agua, la\nVida y el Territorio y que est\u00e1n contenidos en la convocatoria al quinto\nencuentro que se realizar\u00e1 el 17 y 18 de agosto en la Casa de los Pueblos y\nComunidades Ind\u00edgenas Samir Flores, en la Ciudad de M\u00e9xico.<o:p><\/o:p><\/span><\/p>\n\n<p class=\"MsoNormal\" style=\"text-align:justify;text-indent:35.4pt\"><span style=\"font-family:&quot;Arial&quot;,&quot;sans-serif&quot;;mso-fareast-font-family:Calibri;\nmso-fareast-theme-font:minor-latin;color:black;mso-themecolor:text1;mso-fareast-language:\nEN-US\">El proceso de privatizaci\u00f3n del agua y su agresiva y generalizada\ncomercializaci\u00f3n est\u00e1 lejos de ser un fen\u00f3meno nacional, es caracter\u00edstico del\nmodelo econ\u00f3mico que privilegia las ganancias para la plutocracia y la escasez\ny altos costos para las mayor\u00edas.<o:p><\/o:p><\/span><\/p>\n\n<p class=\"MsoNormal\" style=\"text-align:justify;text-indent:35.4pt\"><span style=\"font-family:&quot;Arial&quot;,&quot;sans-serif&quot;;mso-fareast-font-family:Calibri;\nmso-fareast-theme-font:minor-latin;color:black;mso-themecolor:text1;mso-fareast-language:\nEN-US\">Los internacionalistas auguraron desde hace m\u00e1s de dos d\u00e9cadas que las\npr\u00f3ximas guerras tendr\u00e1n en el centro el agua dulce, como ocurri\u00f3 en 2011 con\nLibia y su hombre fuerte durante 42 a\u00f1os, <\/span><span class=\"SpellE\"><span style=\"font-family:&quot;Arial&quot;,&quot;sans-serif&quot;;color:black;mso-themecolor:text1\">Muamar<\/span><\/span><span style=\"font-family:&quot;Arial&quot;,&quot;sans-serif&quot;;color:black;mso-themecolor:text1\"> <span class=\"SpellE\">Muhamad<\/span> Abu-<span class=\"SpellE\">Minyar<\/span> Gadafi,\ngracias al insaciable imperio del norte y sus representantes en turno, Barack\nObama y Hilary Clinton. Testigos del Departamento de Estado cuentan que cuando\nsu jefa fue informada del asesinato del presidente libio, estall\u00f3 en carcajadas,\npero seg\u00fan el ilegal presidente de Ucrania, <span class=\"SpellE\">Volod\u00edmir<\/span>\n<span class=\"SpellE\">Zelenski<\/span>, Estados Unidos es \u201cel l\u00edder del mundo\nlibre\u201d. Se qued\u00f3 en el calendario.<o:p><\/o:p><\/span><\/p>\n\n<p class=\"s-s\" align=\"center\" style=\"margin:0cm;margin-bottom:.0001pt;text-align:\ncenter\"><b style=\"mso-bidi-font-weight:normal\"><span style=\"font-family:&quot;Arial&quot;,&quot;sans-serif&quot;;\ncolor:black;mso-themecolor:text1\">Acuse de recibo<o:p><\/o:p><\/span><\/b><\/p>\n\n<p class=\"MsoNormal\" style=\"text-align:justify\"><span style=\"font-family:&quot;Arial&quot;,&quot;sans-serif&quot;;\ncolor:black;mso-themecolor:text1\">De la historiadora Elba P\u00e9rez Villalba: \u201cA\nprop\u00f3sito del aniversario del Exilio Espa\u00f1ol en M\u00e9xico, recuerdo a la maestra\nhistoriadora Natura Oliv\u00e9 <span class=\"SpellE\">Oliv\u00e9<\/span> (+), querida\ncamarada, parte de los refugiados, quien escribi\u00f3 lo siguiente en su texto <i style=\"mso-bidi-font-style:normal\">Mujeres comunistas en M\u00e9xico en los a\u00f1os\ntreinta<\/i><span style=\"mso-spacerun:yes\">&nbsp; <\/span>(segunda edici\u00f3n, 2019,\nEdiciones Quinto Sol), acerca de mi mam\u00e1, Amelia Villalba Alvarado: \u2018Naci\u00f3 en\n1910 en Villa Ju\u00e1rez, Durango, fue maestra rural; al comenzar los a\u00f1os treinta\ningres\u00f3 al Partido Comunista, fue miembro del Comit\u00e9 Central y en 1939,\nresponsable de la comisi\u00f3n del partido que recibi\u00f3 a los republicanos espa\u00f1oles\nque se exiliaron en M\u00e9xico\u201d\u2026 Ediciones Quinto Sol fue cofundada y dirigida por\nel querido ingeniero Salvador Gonz\u00e1lez Mar\u00edn\u2026 \u201cPor tu conducto felicidades a\nAlexis (Ibarra Mart\u00ednez). Arturo (Mart\u00ednez N\u00fa\u00f1ez) tambi\u00e9n cumpli\u00f3 50. Son de la\nmisma generaci\u00f3n. El CIE de la CEAV recibi\u00f3 de mi parte la \u00faltima informaci\u00f3n\nrequerida. Ya no les queda de otra que dictaminar mi caso. Espero justicia, memoria,\nverdad y justa reparaci\u00f3n integral. Abrazos Lalo. (Ingeniero) Arturo Mart\u00ednez <span class=\"SpellE\">Nateras<\/span>\u201d\u2026 Y del doctor Am\u00e9rico Sald\u00edvar: \u201cPor tu conducto\nmando un fuerte abrazo al hijo pr\u00f3digo y prodigio Alexis (Ibarra Mart\u00ednez).\nAbrazos mil mi querido Eduardo\u201d\u2026 Un art\u00edculo de \u00c1lvaro Cueva, <\/span><a href=\"https:\/\/www.milenio.com\/opinion\/alvaro-cueva\/ojo-por-ojo\/disculpas-para-amlo\"><span style=\"font-family:&quot;Arial&quot;,&quot;sans-serif&quot;;mso-fareast-font-family:Calibri;\nmso-fareast-theme-font:minor-latin;color:black;mso-themecolor:text1;mso-fareast-language:\nEN-US\">https:\/\/www.milenio.com\/opinion\/alvaro-cueva\/ojo-por-ojo\/disculpas-para-amlo<\/span><\/a><span style=\"font-family:&quot;Arial&quot;,&quot;sans-serif&quot;;color:black;mso-themecolor:text1\"><o:p><\/o:p><\/span><\/p>\n\n<p class=\"MsoNormal\"><span style=\"font-size:10.0pt;font-family:&quot;Arial&quot;,&quot;sans-serif&quot;;\ncolor:black;mso-themecolor:text1\">https:\/\/forumenlinea.com\/<span style=\"mso-spacerun:yes\">&nbsp; <\/span>(Con un nuevo sistema y <u>m\u00e1s archivos para\nconsultarlos<\/u>).<o:p><\/o:p><\/span><\/p>\n\n<\/div>\n","protected":false},"excerpt":{"rendered":"<p>Utop\u00eda &nbsp; Acaparan el agua 3 304 usuarios privados &nbsp; Eduardo Ibarra Aguirre En nuestro pa\u00eds son 3 304 grandes usuarios privados los que explotan y acaparan el agua por medio de concesiones, lo que constituye \u201cuna privatizaci\u00f3n encubierta\u201d&nbsp; que, simult\u00e1neamente, vulnera el derecho humano al vital l\u00edquido a millones&#8230;<\/p>\n<div class=\"more-link-wrapper\"><a class=\"more-link\" href=\"https:\/\/forumenlinea.com\/?p=3830\">Continuar leyendo<span class=\"screen-reader-text\"><\/span><\/a><\/div>\n","protected":false},"author":1,"featured_media":0,"comment_status":"closed","ping_status":"closed","sticky":false,"template":"","format":"standard","meta":{"footnotes":""},"categories":[2],"tags":[],"class_list":["post-3830","post","type-post","status-publish","format-standard","hentry","category-utopia","entry"],"_links":{"self":[{"href":"https:\/\/forumenlinea.com\/index.php?rest_route=\/wp\/v2\/posts\/3830","targetHints":{"allow":["GET"]}}],"collection":[{"href":"https:\/\/forumenlinea.com\/index.php?rest_route=\/wp\/v2\/posts"}],"about":[{"href":"https:\/\/forumenlinea.com\/index.php?rest_route=\/wp\/v2\/types\/post"}],"author":[{"embeddable":true,"href":"https:\/\/forumenlinea.com\/index.php?rest_route=\/wp\/v2\/users\/1"}],"replies":[{"embeddable":true,"href":"https:\/\/forumenlinea.com\/index.php?rest_route=%2Fwp%2Fv2%2Fcomments&post=3830"}],"version-history":[{"count":2,"href":"https:\/\/forumenlinea.com\/index.php?rest_route=\/wp\/v2\/posts\/3830\/revisions"}],"predecessor-version":[{"id":3900,"href":"https:\/\/forumenlinea.com\/index.php?rest_route=\/wp\/v2\/posts\/3830\/revisions\/3900"}],"wp:attachment":[{"href":"https:\/\/forumenlinea.com\/index.php?rest_route=%2Fwp%2Fv2%2Fmedia&parent=3830"}],"wp:term":[{"taxonomy":"category","embeddable":true,"href":"https:\/\/forumenlinea.com\/index.php?rest_route=%2Fwp%2Fv2%2Fcategories&post=3830"},{"taxonomy":"post_tag","embeddable":true,"href":"https:\/\/forumenlinea.com\/index.php?rest_route=%2Fwp%2Fv2%2Ftags&post=3830"}],"curies":[{"name":"wp","href":"https:\/\/api.w.org\/{rel}","templated":true}]}}