{"id":3820,"date":"2024-07-10T14:26:00","date_gmt":"2024-07-10T14:26:00","guid":{"rendered":"https:\/\/forumenlinea.com\/?p=3820"},"modified":"2024-08-06T18:01:04","modified_gmt":"2024-08-06T18:01:04","slug":"3820","status":"publish","type":"post","link":"https:\/\/forumenlinea.com\/?p=3820","title":{"rendered":""},"content":{"rendered":"\n\n\n<div class=\"WordSection1\">\n\n<p class=\"s-s\" style=\"margin:0cm;margin-bottom:.0001pt\"><span style=\"font-size:\n14.0pt;font-family:&quot;Arial&quot;,&quot;sans-serif&quot;;color:black;mso-themecolor:text1\">Utop\u00eda<o:p><\/o:p><\/span><\/p>\n\n<p class=\"s-s\" style=\"margin:0cm;margin-bottom:.0001pt\"><span style=\"font-family:\n&quot;Arial&quot;,&quot;sans-serif&quot;;color:black;mso-themecolor:text1\"><o:p>&nbsp;<\/o:p><\/span><\/p>\n\n<p class=\"s-s\" align=\"center\" style=\"margin:0cm;margin-bottom:.0001pt;text-align:\ncenter\"><b style=\"mso-bidi-font-weight:normal\"><span style=\"font-size:18.0pt;\nfont-family:&quot;Arial&quot;,&quot;sans-serif&quot;;color:black;mso-themecolor:text1\">\u201cDi\u00e1logo\u201d\npara que apoyen la visi\u00f3n de Pi\u00f1a<o:p><\/o:p><\/span><\/b><\/p>\n\n<p class=\"s-s\" style=\"margin:0cm;margin-bottom:.0001pt\"><span style=\"font-family:\n&quot;Arial&quot;,&quot;sans-serif&quot;;color:black;mso-themecolor:text1\"><o:p>&nbsp;<\/o:p><\/span><\/p>\n\n<p class=\"s-s\" style=\"margin:0cm;margin-bottom:.0001pt\"><b style=\"mso-bidi-font-weight:\nnormal\"><span style=\"font-family:&quot;Arial&quot;,&quot;sans-serif&quot;;color:black;mso-themecolor:\ntext1\">Eduardo Ibarra Aguirre<o:p><\/o:p><\/span><\/b><\/p>\n\n<p class=\"s-s\" style=\"margin:0cm;margin-bottom:.0001pt\"><span style=\"font-family:\n&quot;Arial&quot;,&quot;sans-serif&quot;;color:black;mso-themecolor:text1\"><o:p>&nbsp;<\/o:p><\/span><\/p>\n\n<p class=\"s-s\" style=\"margin:0cm;margin-bottom:.0001pt;text-align:justify\"><span style=\"font-family:&quot;Arial&quot;,&quot;sans-serif&quot;;color:black;mso-themecolor:text1\">La\nministra presidenta de la Suprema Corte no sabe todav\u00eda leer la nueva\nreconfiguraci\u00f3n del mapa pol\u00edtico de M\u00e9xico que emergi\u00f3 a partir del 2 de\njunio, pues al solicitar que el presidente Andr\u00e9s Manuel y la virtual\npresidenta electa, Claudia <span class=\"SpellE\">Sheinbaum<\/span>, \u201cabran la\npuerta para dialogar\u201d con ellos sobre la reforma al Poder Judicial, pretende\ntorpemente imponer su propia visi\u00f3n.<o:p><\/o:p><\/span><\/p>\n\n<p class=\"s-s\" style=\"margin:0cm;margin-bottom:.0001pt;text-align:justify;\ntext-indent:35.4pt\"><span style=\"font-family:&quot;Arial&quot;,&quot;sans-serif&quot;;color:black;\nmso-themecolor:text1\">Lo dijo as\u00ed al presentar <\/span><span style=\"font-family:\n&quot;Arial&quot;,&quot;sans-serif&quot;;mso-fareast-font-family:Calibri;mso-fareast-theme-font:\nminor-latin;color:black;mso-themecolor:text1;mso-fareast-language:EN-US\">los\nresultados de los 14 foros del Encuentro Nacional por una Agenda de Seguridad y\nJusticia, el 8 de julio, acompa\u00f1ada solamente por cuatro de los 10 ministros:<o:p><\/o:p><\/span><\/p>\n\n<p class=\"s-s\" style=\"margin:0cm;margin-bottom:.0001pt;text-align:justify;\ntext-indent:35.4pt\"><span style=\"font-family:&quot;Arial&quot;,&quot;sans-serif&quot;;color:black;\nmso-themecolor:text1\">\u201c<\/span><span style=\"font-family:&quot;Arial&quot;,&quot;sans-serif&quot;;\nmso-fareast-font-family:Calibri;mso-fareast-theme-font:minor-latin;color:black;\nmso-themecolor:text1;mso-fareast-language:EN-US\">La realidad es que la reforma\nno aborda el problema de ra\u00edz. Por eso, quiero aprovechar esta oportunidad para\ninvitar, tanto al presidente L\u00f3pez Obrador, como a la virtual presidenta, la\ndoctora Claudia <span class=\"SpellE\">Sheinbaum<\/span>, a sumarse a este di\u00e1logo\nplural, y a que nos abran la puerta para que podamos compartirles los hallazgos\nde este Encuentro Nacional y analizar as\u00ed, c\u00f3mo afecta la reforma no s\u00f3lo el\nfuturo de la justicia, sino de todo nuestro pa\u00eds\u201d.<o:p><\/o:p><\/span><\/p>\n\n<p class=\"s-s\" style=\"margin:0cm;margin-bottom:.0001pt;text-align:justify;\ntext-indent:35.4pt\"><span style=\"font-family:&quot;Arial&quot;,&quot;sans-serif&quot;;mso-fareast-font-family:\nCalibri;mso-fareast-theme-font:minor-latin;color:black;mso-themecolor:text1;\nmso-fareast-language:EN-US\">Es decir, \u201cdialoguemos\u201d pero tu iniciativa de ley\npara reformar el PJ no resolver\u00e1 sino complicar\u00e1 los graves problemas que\npadece y que tard\u00edamente los reconoce, despu\u00e9s de colocarse con soberbia\ninaudita y violentando la Constituci\u00f3n por encima del Ejecutivo y de enmendarle\nla plana al Legislativo en todas las reformas constitucionales que se votaron en\nsu mandato durante los 1.5 a\u00f1os que encabeza la Corte. Por supuesto que adem\u00e1s\nde aplicar t\u00e1cticas dilatorias para resolver litigios fiscales con los due\u00f1os\nde M\u00e9xico, proteger con amparos a la carta<span style=\"mso-spacerun:yes\">&nbsp;\n<\/span>a capos y lugartenientes del crimen organizado y de cuello blanco.<o:p><\/o:p><\/span><\/p>\n\n<p class=\"s-s\" style=\"margin:0cm;margin-bottom:.0001pt;text-align:justify;\ntext-indent:35.4pt\"><span style=\"font-family:&quot;Arial&quot;,&quot;sans-serif&quot;;mso-fareast-font-family:\nCalibri;mso-fareast-theme-font:minor-latin;color:black;mso-themecolor:text1;\nmso-fareast-language:EN-US\">Norma Luc\u00eda Pi\u00f1a Hern\u00e1ndez descubri\u00f3 lo que es del\ndominio p\u00fablico desde hace muchos ayeres, pues las v\u00edctimas expresaron que\ndeben tocar m\u00e1s de 20 puertas y aun as\u00ed sus casos siguen impunes. \u201cEscuchamos\nde todos ellos una y otra vez: \u2018que la justicia es distante, que la justicia es\ninhumana, que la justicia es una pesadilla\u2019\u201d.<o:p><\/o:p><\/span><\/p>\n\n<p class=\"s-s\" style=\"margin:0cm;margin-bottom:.0001pt;text-align:justify;\ntext-indent:35.4pt\"><span style=\"font-family:&quot;Arial&quot;,&quot;sans-serif&quot;;mso-fareast-font-family:\nCalibri;mso-fareast-theme-font:minor-latin;color:black;mso-themecolor:text1;\nmso-fareast-language:EN-US\">Con esa aguda carencia de sensibilidad o mal\nasesorada por sus padrinos que la condujeron a encabezar la SCJN, para lo cual\nhicieron una infame campa\u00f1a contra <span class=\"SpellE\">Yasm\u00edn<\/span> Esquivel <span class=\"SpellE\">Mossa<\/span> a la que se prest\u00f3 el entonces rector de la UNAM Enrique\n<span class=\"SpellE\">Graue<\/span>, por medio del mercenario <\/span><span style=\"font-family:&quot;Arial&quot;,&quot;sans-serif&quot;;color:black;mso-themecolor:text1\">Guillermo\nSheridan, <\/span><span style=\"font-family:&quot;Arial&quot;,&quot;sans-serif&quot;;mso-fareast-font-family:\nCalibri;mso-fareast-theme-font:minor-latin;color:black;mso-themecolor:text1;\nmso-fareast-language:EN-US\">le facilit\u00f3 la respuesta a Obrador, quien acept\u00f3 el\ndi\u00e1logo y comision\u00f3 a la secretaria de Gobernaci\u00f3n, la talentosa, joven y guapa\nLuisa Mar\u00eda Alcalde.<o:p><\/o:p><\/span><\/p>\n\n<p class=\"MsoNormal\" style=\"text-align:justify;text-indent:35.4pt\"><span style=\"font-family:&quot;Arial&quot;,&quot;sans-serif&quot;;mso-fareast-font-family:Calibri;\nmso-fareast-theme-font:minor-latin;color:black;mso-themecolor:text1;mso-fareast-language:\nEN-US\">\u201cYo no tengo nada que ver con esto, ya entregu\u00e9 mi iniciativa de acuerdo\ncon mis facultades y estoy convencido que hace falta la reforma\u201d, revir\u00f3 AMLO a\nNorma Pi\u00f1a. Y en tono serio asegur\u00f3 que lo que le molesta es que durante mucho\ntiempo se protegi\u00f3 a jueces corruptos y se dio libertad a gente que deb\u00eda estar\nen la c\u00e1rcel\u201d. <o:p><\/o:p><\/span><\/p>\n\n<p class=\"MsoNormal\" style=\"text-align:justify;text-indent:35.4pt\"><span style=\"font-family:&quot;Arial&quot;,&quot;sans-serif&quot;;mso-fareast-font-family:Calibri;\nmso-fareast-theme-font:minor-latin;color:black;mso-themecolor:text1;mso-fareast-language:\nEN-US\">Por si no fuera suficiente o la ministra presidenta fuera de\nentendederas cortas como lo mostr\u00f3 en el Senado cuando fue electa magistrada\ncon la m\u00e1s baja calificaci\u00f3n, le formul\u00f3 seis preguntas de dif\u00edcil respuesta\nsin incurrir en falsedad. A saber, \u201cCon todo respeto, le dir\u00eda a la presidenta:\n\u00bfPor qu\u00e9 no resuelven lo del pago de impuestos de los grandes empresarios o\nbanqueros? \u00bfPor qu\u00e9 se tardan tanto en resolver lo que debe ser de r\u00e1pida\ndecisi\u00f3n? Porque existen tesis, hay jurisprudencia, est\u00e1 todo. \u00bfPor qu\u00e9 tardan\ntanto? \u00bfPor qu\u00e9 las t\u00e1cticas dilatorias? Que revisen los casos. \u00bfPor qu\u00e9 no dan\nun informe de cu\u00e1ntos procesados hay sin sentencia de hace a\u00f1os y que nos\nexplique por qu\u00e9 deciden ganar m\u00e1s que el presidente, si la Constituci\u00f3n\nestablece lo contrario?\u201d<o:p><\/o:p><\/span><\/p>\n\n<p class=\"s-s\" align=\"center\" style=\"margin:0cm;margin-bottom:.0001pt;text-align:\ncenter\"><b style=\"mso-bidi-font-weight:normal\"><span style=\"font-family:&quot;Arial&quot;,&quot;sans-serif&quot;;\ncolor:black;mso-themecolor:text1\">Acuse de recibo<o:p><\/o:p><\/span><\/b><\/p>\n\n<p class=\"s-s\" style=\"margin:0cm;margin-bottom:.0001pt;text-align:justify\"><span style=\"font-family:&quot;Arial&quot;,&quot;sans-serif&quot;;color:black;mso-themecolor:text1\">El\nnoticiario Punto de Referencia, del SPR, dirigido por Jenaro Villamil, dedic\u00f3\n37 de los 57 minutos que dura a la crisis del Partido Revolucionario\nInstitucional, el lunes 8, para lo cual sacrificaron abundante informaci\u00f3n,\nempezando con la internacional, como acostumbran casi siempre&#8230; Aclaraci\u00f3n de\nArturo Sandoval: \u201cMi querido Eduardo, te falt\u00f3 publicar esta parte de mi texto:\nSalieron a la luz nombres y hechos antes ocultos, como lo de tirar cuerpos al\nmar\u201d&#8230; Y m\u00e1s a\u00fan: \u201cEn lo personal, yo estoy muy feliz con el desempe\u00f1o de\nAMLO\u201d\u2026 En Acuse de recibo se lucha contra la falta de espacio porque se dispone\nde 17.8 l\u00edneas\u2026 \u201cUn mill\u00f3n de gracias, querido Eduardo. Y ahora podemos, como\nen Francia, cantar nuevamente La Internacional. Abrazos mil\u201d: Jorge Mel\u00e9ndez\nPreciado\u2026 Propuesta de Carlos Fern\u00e1ndez-Vega: \u201cEntonces, la derecha debe\nmodificar su consigna: ya no ser\u00e1 el Poder Judicial no se toca, sino la empresa\nfamiliar no se toca\u201d. <\/span><a href=\"https:\/\/www.jornada.com.mx\/2024\/06\/22\/politica\/003n1pol\"><span style=\"font-family:&quot;Arial&quot;,&quot;sans-serif&quot;;color:black;mso-themecolor:text1\">https:\/\/www.jornada.com.mx\/2024\/06\/22\/politica\/003n1pol<\/span><\/a><span class=\"MsoHyperlink\"><span style=\"font-family:&quot;Arial&quot;,&quot;sans-serif&quot;;color:black;\nmso-themecolor:text1;text-decoration:none;text-underline:none\"> (&#8230;) <\/span><\/span><span style=\"font-family:&quot;Arial&quot;,&quot;sans-serif&quot;;color:black;mso-themecolor:text1\">Invitaci\u00f3n:\n\u201c\u00a1Por la paz en el mundo! Exposiciones: \u2018Goya, <span class=\"SpellE\">Demi\u00e1n<\/span>\nFlores y <span class=\"SpellE\">Vlady<\/span>: Contra la guerra\u2019, hasta el 13 de\nseptiembre de 2024, en el Centro <span class=\"SpellE\">Vlady<\/span> de la\nUniversidad Aut\u00f3noma de la Ciudad de M\u00e9xico, calle Goya 63, colonia Insurgentes\nMixcoac, de lunes a viernes, de las 10 a las 18:30 horas\u201d\u2026 La se\u00f1ora Anita <span class=\"SpellE\">Galina<\/span> (1940-1924) falleci\u00f3 el 5 de julio. Un abrazo\nsolidario para su hija, la querida Elizabeth <span class=\"SpellE\">Galina<\/span>.<o:p><\/o:p><\/span><\/p>\n\n<p class=\"MsoNormal\" style=\"text-align:justify\"><span style=\"font-size:8.0pt;\nfont-family:&quot;Arial&quot;,&quot;sans-serif&quot;;color:black;mso-themecolor:text1\">https:\/\/forumenlinea.com\/<span style=\"mso-spacerun:yes\">&nbsp;&nbsp;&nbsp; <\/span><\/span><a href=\"mailto:forum@forumenlinea.com\"><span style=\"font-size:8.0pt;font-family:\n&quot;Arial&quot;,&quot;sans-serif&quot;;color:black;mso-themecolor:text1;text-decoration:none;\ntext-underline:none\">forum@forumenlinea.com<\/span><\/a><span style=\"font-size:\n8.0pt;font-family:&quot;Arial&quot;,&quot;sans-serif&quot;;color:black;mso-themecolor:text1\"><span style=\"mso-spacerun:yes\">&nbsp;&nbsp;&nbsp; <\/span><span class=\"SpellE\">Twitter@IbarraAguirreEd<\/span><o:p><\/o:p><\/span><\/p>\n\n<\/div>\n\n\n\n\n\n","protected":false},"excerpt":{"rendered":"<p>Utop\u00eda &nbsp; \u201cDi\u00e1logo\u201d para que apoyen la visi\u00f3n de Pi\u00f1a &nbsp; Eduardo Ibarra Aguirre &nbsp; La ministra presidenta de la Suprema Corte no sabe todav\u00eda leer la nueva reconfiguraci\u00f3n del mapa pol\u00edtico de M\u00e9xico que emergi\u00f3 a partir del 2 de junio, pues al solicitar que el presidente Andr\u00e9s Manuel&#8230;<\/p>\n<div class=\"more-link-wrapper\"><a class=\"more-link\" href=\"https:\/\/forumenlinea.com\/?p=3820\">Continuar leyendo<span class=\"screen-reader-text\"><\/span><\/a><\/div>\n","protected":false},"author":1,"featured_media":0,"comment_status":"closed","ping_status":"closed","sticky":false,"template":"","format":"standard","meta":{"footnotes":""},"categories":[2],"tags":[],"class_list":["post-3820","post","type-post","status-publish","format-standard","hentry","category-utopia","entry"],"_links":{"self":[{"href":"https:\/\/forumenlinea.com\/index.php?rest_route=\/wp\/v2\/posts\/3820","targetHints":{"allow":["GET"]}}],"collection":[{"href":"https:\/\/forumenlinea.com\/index.php?rest_route=\/wp\/v2\/posts"}],"about":[{"href":"https:\/\/forumenlinea.com\/index.php?rest_route=\/wp\/v2\/types\/post"}],"author":[{"embeddable":true,"href":"https:\/\/forumenlinea.com\/index.php?rest_route=\/wp\/v2\/users\/1"}],"replies":[{"embeddable":true,"href":"https:\/\/forumenlinea.com\/index.php?rest_route=%2Fwp%2Fv2%2Fcomments&post=3820"}],"version-history":[{"count":2,"href":"https:\/\/forumenlinea.com\/index.php?rest_route=\/wp\/v2\/posts\/3820\/revisions"}],"predecessor-version":[{"id":3823,"href":"https:\/\/forumenlinea.com\/index.php?rest_route=\/wp\/v2\/posts\/3820\/revisions\/3823"}],"wp:attachment":[{"href":"https:\/\/forumenlinea.com\/index.php?rest_route=%2Fwp%2Fv2%2Fmedia&parent=3820"}],"wp:term":[{"taxonomy":"category","embeddable":true,"href":"https:\/\/forumenlinea.com\/index.php?rest_route=%2Fwp%2Fv2%2Fcategories&post=3820"},{"taxonomy":"post_tag","embeddable":true,"href":"https:\/\/forumenlinea.com\/index.php?rest_route=%2Fwp%2Fv2%2Ftags&post=3820"}],"curies":[{"name":"wp","href":"https:\/\/api.w.org\/{rel}","templated":true}]}}