{"id":371,"date":"2024-05-17T18:47:08","date_gmt":"2024-05-17T18:47:08","guid":{"rendered":"https:\/\/new.forumenlinea.com\/?p=371"},"modified":"2024-07-05T17:01:16","modified_gmt":"2024-07-05T17:01:16","slug":"371","status":"publish","type":"post","link":"https:\/\/forumenlinea.com\/?p=371","title":{"rendered":""},"content":{"rendered":"\n\n\n<div class=\"WordSection1\">\n\n<p class=\"s-s\" style=\"margin:0cm;margin-bottom:.0001pt\"><span style=\"font-size:\n14.0pt;font-family:&quot;Arial&quot;,&quot;sans-serif&quot;;color:black;mso-themecolor:text1\">Utop\u00eda<o:p><\/o:p><\/span><\/p>\n\n<p class=\"s-s\" style=\"margin:0cm;margin-bottom:.0001pt\"><span style=\"font-family:\n&quot;Arial&quot;,&quot;sans-serif&quot;;color:black;mso-themecolor:text1\"><o:p>&nbsp;<\/o:p><\/span><\/p>\n\n<p class=\"s-s\" align=\"center\" style=\"margin:0cm;margin-bottom:.0001pt;text-align:\ncenter\"><b style=\"mso-bidi-font-weight:normal\"><span style=\"font-size:18.0pt;\nfont-family:&quot;Arial&quot;,&quot;sans-serif&quot;;color:black;mso-themecolor:text1\">CNTE: Demandas,\nacuerdos y desacuerdos<o:p><\/o:p><\/span><\/b><\/p>\n\n<p class=\"s-s\" style=\"margin:0cm;margin-bottom:.0001pt\"><span style=\"font-family:\n&quot;Arial&quot;,&quot;sans-serif&quot;;color:black;mso-themecolor:text1\"><o:p>&nbsp;<\/o:p><\/span><\/p>\n\n<p class=\"s-s\" style=\"margin:0cm;margin-bottom:.0001pt\"><b style=\"mso-bidi-font-weight:\nnormal\"><span style=\"font-family:&quot;Arial&quot;,&quot;sans-serif&quot;;color:black;mso-themecolor:\ntext1\">Eduardo Ibarra Aguirre<o:p><\/o:p><\/span><\/b><\/p>\n\n<p class=\"s-s\" style=\"margin:0cm;margin-bottom:.0001pt\"><span style=\"font-family:\n&quot;Arial&quot;,&quot;sans-serif&quot;;color:black;mso-themecolor:text1\"><o:p>&nbsp;<\/o:p><\/span><\/p>\n\n<p class=\"MsoNormal\" style=\"text-align:justify\"><span style=\"font-family:&quot;Arial&quot;,&quot;sans-serif&quot;;\nmso-fareast-font-family:Calibri;mso-fareast-theme-font:minor-latin;color:black;\nmso-themecolor:text1;mso-fareast-language:EN-US\">\u201cCabecita de algod\u00f3n, me\npartiste el coraz\u00f3n\u201d, fue una de las consignas de la marcha y paro nacionales\norganizados por la CNTE en la capital del pa\u00eds, con motivo del D\u00eda del Maestro y\npara entregarle su pliego de peticiones al presidente Andr\u00e9s Manuel.<o:p><\/o:p><\/span><\/p>\n\n<p class=\"MsoNormal\" style=\"text-align:justify;text-indent:35.4pt\"><span style=\"font-family:&quot;Arial&quot;,&quot;sans-serif&quot;;mso-fareast-font-family:Calibri;\nmso-fareast-theme-font:minor-latin;color:black;mso-themecolor:text1;mso-fareast-language:\nEN-US\">El car\u00e1cter nacional de la marcha como siempre es un decir, porque\nparticiparon miles de maestros de s\u00f3lo ocho estados. Pero hubo manifestaciones,\nen las ciudades de Guadalajara, Morelia, Oaxaca, Tuxtla Guti\u00e9rrez y Zacatecas\npara exigir, como desde hace d\u00e9cadas, 100% de aumento al salario, la\n\u201cabrogaci\u00f3n total de la reforma educativa neoliberal\u201d \u2013eliminando el r\u00e9gimen de\nexcepci\u00f3n laboral con la llamada ley Usicamm\u2013 y por el cumplimiento de demandas\neducativas, laborales, econ\u00f3micas y de justicia social que no fueron detalladas.<o:p><\/o:p><\/span><\/p>\n\n<p class=\"MsoNormal\" style=\"text-align:justify;text-indent:35.4pt\"><span style=\"font-family:&quot;Arial&quot;,&quot;sans-serif&quot;;mso-fareast-font-family:Calibri;\nmso-fareast-theme-font:minor-latin;color:black;mso-themecolor:text1;mso-fareast-language:\nEN-US\">La consigna que encierra la decepci\u00f3n de dirigentes y miembros de la\nCoordinadora Nacional de Trabajadores de la Educaci\u00f3n, fundada en diciembre de 1979,\ncontrasta sobremanera con el juicio que contiene el manifiesto pol\u00edtico dado a\nconocer en la Plaza de la Constituci\u00f3n, pues afirman que \u201ctodos los candidatos,\nsin distingo de partido, han dado continuidad a la pol\u00edtica educativa\nneoliberal, sin dar signos de apoyar una formaci\u00f3n anticapitalista que responda\na los intereses de la naci\u00f3n\u201d.<o:p><\/o:p><\/span><\/p>\n\n<p class=\"MsoNormal\" style=\"text-align:justify;text-indent:35.4pt\"><span style=\"font-family:&quot;Arial&quot;,&quot;sans-serif&quot;;mso-fareast-font-family:Calibri;\nmso-fareast-theme-font:minor-latin;color:black;mso-themecolor:text1;mso-fareast-language:\nEN-US\">Por supuesto que L\u00f3pez Obrador no busca \u201capoyar una formaci\u00f3n\nanticapitalista\u201d como sue\u00f1an estos dirigentes de la Coordinadora Nacional; ninguno\nde sus discursos, libros o programas sugieren ni remotamente tal escenario.\nCuando mucho busca limar las aristas m\u00e1s filosas del capitalismo salvaje,\ntambi\u00e9n llamado neoliberalismo, o en t\u00e9rminos de su verbo cotidiano, construir\nun estado de bienestar, por supuesto que capitalista. Supongo que AMLO no\nobserva espacios para las grandes soluciones radicales (de ra\u00edz) desde la\nComuna de Par\u00eds hasta Sud\u00e1frica.<o:p><\/o:p><\/span><\/p>\n\n<p class=\"MsoNormal\" style=\"text-align:justify;text-indent:35.4pt\"><span style=\"font-family:&quot;Arial&quot;,&quot;sans-serif&quot;;mso-fareast-font-family:Calibri;\nmso-fareast-theme-font:minor-latin;color:black;mso-themecolor:text1;mso-fareast-language:\nEN-US\">Y en esa misma direcci\u00f3n, H\u00e9ctor Torres Solano, secretario general de la\nCNTE en Guerrero, jur\u00f3 que en el \u201cocaso del sexenio queda claro que quien gane\no pierda la silla presidencial no lo decide el pueblo, sino los representantes\nde los intereses de la oligarqu\u00eda, por lo que no importa el resultado de la\nelecci\u00f3n presidencial, no renunciamos a los objetivos que nos dieron origen\ncomo CNTE: democratizar al pa\u00eds, a nuestro sindicato y a la educaci\u00f3n\u201d. Y, por\nello, \u201crechazamos la farsa electoral\u201d del 2 de junio. \u201cFarsa\u201d que no les\nimpidi\u00f3 contar con 50 esca\u00f1os en la C\u00e1mara de Diputados en 2018.<o:p><\/o:p><\/span><\/p>\n\n<p class=\"MsoNormal\" style=\"text-align:justify;text-indent:35.4pt\"><span style=\"font-family:&quot;Arial&quot;,&quot;sans-serif&quot;;mso-fareast-font-family:Calibri;\nmso-fareast-theme-font:minor-latin;color:black;mso-themecolor:text1;mso-fareast-language:\nEN-US\">Lo cierto es que la principal demanda de la CNTE es salarial, por un\naumento del 100%, lo cual nadie que valore el papel del maestro en la sociedad,\n\u201cel alma y coraz\u00f3n de la educaci\u00f3n\u201d (Leticia Ram\u00edrez Amaya <i style=\"mso-bidi-font-style:\nnormal\">dixit<\/i>) debiera regatear el mejor sueldo y prestaciones posibles a\nlos que en buena medida nos forjaron como ciudadanos pensantes y actuantes,\npero los dineros p\u00fablicos no caen del cielo. Y, al parecer, no se pudo m\u00e1s del\n10% de incremento.<o:p><\/o:p><\/span><\/p>\n\n<p class=\"MsoNormal\" style=\"text-align:justify;text-indent:35.4pt\"><span style=\"font-family:&quot;Arial&quot;,&quot;sans-serif&quot;;mso-fareast-font-family:Calibri;\nmso-fareast-theme-font:minor-latin;color:black;mso-themecolor:text1;mso-fareast-language:\nEN-US\">La evoluci\u00f3n salarial de los profesores es de la siguiente manera, seg\u00fan\ndatos de L\u00f3pez Obrador: al final del sexenio de Felipe Calder\u00f3n un maestro\npercib\u00eda 9 580 pesos; con Enrique Pe\u00f1a Nieto 11 592, al concluir esta\nadministraci\u00f3n ganar\u00e1n 17<span style=\"mso-spacerun:yes\">&nbsp; <\/span>635 pesos. En\nel caso de los trabajadores administrativos, pasaron de 6 758 en 2012 a 16 778\nahora y un maestro biling\u00fce de educaci\u00f3n ind\u00edgenas pas\u00f3 de 5 994 a 17 278. Dudo\nque exista otro sexenio con esta recuperaci\u00f3n salarial, mas no por ello deja de\nser insuficiente. Por lo dem\u00e1s es obligaci\u00f3n de la CNTE defender y mejorar las\ncondiciones de trabajo y de vida de sus agremiados desde la independencia de\ntodos los poderes institucionales y f\u00e1cticos.<o:p><\/o:p><\/span><\/p>\n\n<p class=\"s-s\" align=\"center\" style=\"margin:0cm;margin-bottom:.0001pt;text-align:\ncenter\"><b style=\"mso-bidi-font-weight:normal\"><span style=\"font-family:&quot;Arial&quot;,&quot;sans-serif&quot;;\ncolor:black;mso-themecolor:text1\">Acuse de recibo<o:p><\/o:p><\/span><\/b><\/p>\n\n<p class=\"MsoNormal\" style=\"text-align:justify\"><span style=\"font-family:&quot;Arial&quot;,&quot;sans-serif&quot;;\ncolor:black;mso-themecolor:text1\">Marko Cort\u00e9s vuelve a exhibirse contra su\nvoluntad, acaso por torpe, al asegurar a un \u00edcono de la corrupci\u00f3n period\u00edstica:\n\u201cSi las clases medias salen a votar masivamente, se acabaron los programas\nsociales\u201d\u2026 Es pertinente que Claudia Sheinbaum y Clara Brugada llamen a votar\npor los candidatos del Verde. \u00bfY por los del Partido de Trabajo cu\u00e1ndo? \u00bfExisten\naliados de primera y de segunda? Son preguntas, conste\u2026 De Teresa Gil: \u201cLo que\nno dice Jorge \u00c1lvarez M\u00e1ynez sobre \u00e9l, es qu\u00e9 ha hecho por el pa\u00eds y d\u00f3nde ha\nestado en estos a\u00f1os saltando de partido en&nbsp;partido, cuando ya\ndisfrutaba&nbsp;del dinero p\u00fablico como ahora lo hace, aunque diga lo\ncontrario. Sin que se conozca cu\u00e1l es su m\u00e9rito, acaba&nbsp;de agredir&nbsp;de\nla manera m\u00e1s baja&nbsp;a Morena, y a&nbsp;otros estratos progresistas que le\ndan lecciones\u201d&#8230; Falleci\u00f3 el maestro y pedagogo Olac Fuentes Molinar. Me lo\nencontraba en La Jornada y a\u00fan recuerdo algunas de sus frases: \u201c\u00bfDesde cu\u00e1l\npartido no nos vemos, Ibarra?\u201d, cuando en un breve lapso desapareci\u00f3 el Partido\nComunista Mexicano, despu\u00e9s el Socialista Unificado de M\u00e9xico y surgi\u00f3 el\nMexicano Socialista. Otra: \u201cArnoldo (Mart\u00ednez Verdugo) habla mucho en la\ncampa\u00f1a (presidencial de 1982), pero no dice pendejadas como los dem\u00e1s\ncandidatos\u201d, el principal era Miguel de la Madrid\u2026 Sobre su trayectoria, <\/span><a href=\"https:\/\/www.jornada.com.mx\/2024\/05\/14\/politica\/011n1pol\"><span style=\"font-family:&quot;Arial&quot;,&quot;sans-serif&quot;;color:black;mso-themecolor:text1\">https:\/\/www.jornada.com.mx\/2024\/05\/14\/politica\/011n1pol<\/span><\/a><span style=\"font-family:&quot;Arial&quot;,&quot;sans-serif&quot;;color:black;mso-themecolor:text1\"><o:p><\/o:p><\/span><\/p>\n\n<p class=\"MsoNormal\" style=\"text-align:justify\"><a href=\"http:\/\/www.forumenlinea.com\/\"><span style=\"font-size:8.0pt;font-family:\n&quot;Arial&quot;,&quot;sans-serif&quot;;color:black;mso-themecolor:text1;text-decoration:none;\ntext-underline:none\">http:\/\/www.forumenlinea.com\/<\/span><\/a><span style=\"font-size:8.0pt;font-family:&quot;Arial&quot;,&quot;sans-serif&quot;;color:black;mso-themecolor:\ntext1\"><span style=\"mso-spacerun:yes\">&nbsp;&nbsp;&nbsp; <\/span><\/span><a href=\"mailto:forum@forumenlinea.com\"><span style=\"font-size:8.0pt;font-family:\n&quot;Arial&quot;,&quot;sans-serif&quot;;color:black;mso-themecolor:text1;text-decoration:none;\ntext-underline:none\">forum@forumenlinea.com<\/span><\/a><span style=\"font-size:\n8.0pt;font-family:&quot;Arial&quot;,&quot;sans-serif&quot;;color:black;mso-themecolor:text1\"><span style=\"mso-spacerun:yes\">&nbsp;&nbsp;&nbsp; <\/span>Twitter@IbarraAguirreEd<o:p><\/o:p><\/span><\/p>\n\n<\/div>\n\n\n\n\n\n","protected":false},"excerpt":{"rendered":"<p>Utop\u00eda &nbsp; CNTE: Demandas, acuerdos y desacuerdos &nbsp; Eduardo Ibarra Aguirre &nbsp; \u201cCabecita de algod\u00f3n, me partiste el coraz\u00f3n\u201d, fue una de las consignas de la marcha y paro nacionales organizados por la CNTE en la capital del pa\u00eds, con motivo del D\u00eda del Maestro y para entregarle su pliego&#8230;<\/p>\n<div class=\"more-link-wrapper\"><a class=\"more-link\" href=\"https:\/\/forumenlinea.com\/?p=371\">Continuar leyendo<span class=\"screen-reader-text\"><\/span><\/a><\/div>\n","protected":false},"author":1,"featured_media":0,"comment_status":"closed","ping_status":"closed","sticky":false,"template":"","format":"standard","meta":{"footnotes":""},"categories":[2],"tags":[],"class_list":["post-371","post","type-post","status-publish","format-standard","hentry","category-utopia","entry"],"_links":{"self":[{"href":"https:\/\/forumenlinea.com\/index.php?rest_route=\/wp\/v2\/posts\/371","targetHints":{"allow":["GET"]}}],"collection":[{"href":"https:\/\/forumenlinea.com\/index.php?rest_route=\/wp\/v2\/posts"}],"about":[{"href":"https:\/\/forumenlinea.com\/index.php?rest_route=\/wp\/v2\/types\/post"}],"author":[{"embeddable":true,"href":"https:\/\/forumenlinea.com\/index.php?rest_route=\/wp\/v2\/users\/1"}],"replies":[{"embeddable":true,"href":"https:\/\/forumenlinea.com\/index.php?rest_route=%2Fwp%2Fv2%2Fcomments&post=371"}],"version-history":[{"count":1,"href":"https:\/\/forumenlinea.com\/index.php?rest_route=\/wp\/v2\/posts\/371\/revisions"}],"predecessor-version":[{"id":372,"href":"https:\/\/forumenlinea.com\/index.php?rest_route=\/wp\/v2\/posts\/371\/revisions\/372"}],"wp:attachment":[{"href":"https:\/\/forumenlinea.com\/index.php?rest_route=%2Fwp%2Fv2%2Fmedia&parent=371"}],"wp:term":[{"taxonomy":"category","embeddable":true,"href":"https:\/\/forumenlinea.com\/index.php?rest_route=%2Fwp%2Fv2%2Fcategories&post=371"},{"taxonomy":"post_tag","embeddable":true,"href":"https:\/\/forumenlinea.com\/index.php?rest_route=%2Fwp%2Fv2%2Ftags&post=371"}],"curies":[{"name":"wp","href":"https:\/\/api.w.org\/{rel}","templated":true}]}}