{"id":3360,"date":"2024-06-17T19:58:00","date_gmt":"2024-06-17T19:58:00","guid":{"rendered":"https:\/\/forumenlinea.com\/?p=3360"},"modified":"2024-07-10T07:59:33","modified_gmt":"2024-07-10T07:59:33","slug":"3360","status":"publish","type":"post","link":"https:\/\/forumenlinea.com\/?p=3360","title":{"rendered":""},"content":{"rendered":"\n\n\n<div class=\"WordSection1\">\n\n<p class=\"MsoNormal\" style=\"margin-bottom:0cm;margin-bottom:.0001pt;line-height:\nnormal\"><span style=\"font-size:14.0pt;font-family:&quot;Arial&quot;,&quot;sans-serif&quot;;\nmso-fareast-font-family:&quot;Times New Roman&quot;;color:black;mso-themecolor:text1;\nmso-fareast-language:ES-MX\">Utop\u00eda<o:p><\/o:p><\/span><\/p>\n\n<p class=\"MsoNormal\" style=\"margin-bottom:0cm;margin-bottom:.0001pt;line-height:\nnormal\"><span style=\"font-size:12.0pt;font-family:&quot;Arial&quot;,&quot;sans-serif&quot;;\nmso-fareast-font-family:&quot;Times New Roman&quot;;color:black;mso-themecolor:text1;\nmso-fareast-language:ES-MX\"><o:p>&nbsp;<\/o:p><\/span><\/p>\n\n<p class=\"MsoNormal\" align=\"center\" style=\"margin-bottom:0cm;margin-bottom:.0001pt;\ntext-align:center;line-height:normal\"><b style=\"mso-bidi-font-weight:normal\"><span style=\"font-size:18.0pt;font-family:&quot;Arial&quot;,&quot;sans-serif&quot;;mso-fareast-font-family:\n&quot;Times New Roman&quot;;color:black;mso-themecolor:text1;mso-fareast-language:ES-MX\">Obrador,\nla CNTE y \u201cla pausa\u201d del paro<o:p><\/o:p><\/span><\/b><\/p>\n\n<p class=\"MsoNormal\" style=\"margin-bottom:0cm;margin-bottom:.0001pt;line-height:\nnormal\"><span style=\"font-size:12.0pt;font-family:&quot;Arial&quot;,&quot;sans-serif&quot;;\nmso-fareast-font-family:&quot;Times New Roman&quot;;color:black;mso-themecolor:text1;\nmso-fareast-language:ES-MX\"><o:p>&nbsp;<\/o:p><\/span><\/p>\n\n<p class=\"MsoNormal\" style=\"margin-bottom:0cm;margin-bottom:.0001pt;line-height:\nnormal\"><b style=\"mso-bidi-font-weight:normal\"><span style=\"font-size:12.0pt;\nfont-family:&quot;Arial&quot;,&quot;sans-serif&quot;;mso-fareast-font-family:&quot;Times New Roman&quot;;\ncolor:black;mso-themecolor:text1;mso-fareast-language:ES-MX\">Eduardo Ibarra\nAguirre<o:p><\/o:p><\/span><\/b><\/p>\n\n<p class=\"MsoNormal\" style=\"margin-bottom:0cm;margin-bottom:.0001pt;text-align:\njustify;line-height:normal\"><span style=\"font-size:12.0pt;font-family:&quot;Arial&quot;,&quot;sans-serif&quot;;\ncolor:black;mso-themecolor:text1\"><o:p>&nbsp;<\/o:p><\/span><\/p>\n\n<p class=\"MsoNormal\" style=\"margin-bottom:0cm;margin-bottom:.0001pt;text-align:\njustify;line-height:normal\"><span style=\"font-size:12.0pt;font-family:&quot;Arial&quot;,&quot;sans-serif&quot;;\ncolor:black;mso-themecolor:text1\">Opiniones que reflejan distintas visiones\nsobre la movilizaci\u00f3n magisterial, los derechos de la ni\u00f1ez a la educaci\u00f3n de\ncalidad y de los transe\u00fantes a desplazarse libremente, quedaron de manifiesto\nla semana pasada al comenzar lo que algunos dirigentes llamaron \u201cpausa\u201d en el\n\u201cparo nacional\u201d que no lo fue pues s\u00f3lo se produjo en Chiapas, Guerrero,\nMichoac\u00e1n y Oaxaca, \u2013lo que sucede desde hace d\u00e9cadas\u2013 y m\u00e1s tarde en la\nsecci\u00f3n IX de la Ciudad de M\u00e9xico.<o:p><\/o:p><\/span><\/p>\n\n<p class=\"MsoNormal\" style=\"margin-bottom:0cm;margin-bottom:.0001pt;text-align:\njustify;text-indent:35.4pt;line-height:normal\"><span style=\"font-size:12.0pt;\nfont-family:&quot;Arial&quot;,&quot;sans-serif&quot;;color:black;mso-themecolor:text1\">Para el\ndirigente capitalino los logros m\u00e1s importantes son \u201cla reactivaci\u00f3n\u201d de la\nCoordinadora Nacional de Trabajadores de la Educaci\u00f3n y \u201cla salida a las calles\nunitariamente\u201d, ahora se inicia otra etapa. \u201cLa principal tarea de la CNTE es\nreorganizarse, articularse y seguir insistiendo en que tenemos una propuesta de\neducaci\u00f3n, la propuesta en el sal\u00f3n y en la calle\u201d, comentaron los dirigentes la\nsemana pasada.<o:p><\/o:p><\/span><\/p>\n\n<p class=\"MsoNormal\" style=\"margin-bottom:0cm;margin-bottom:.0001pt;text-align:\njustify;text-indent:35.4pt;line-height:normal\"><span style=\"font-size:12.0pt;\nfont-family:&quot;Arial&quot;,&quot;sans-serif&quot;;color:black;mso-themecolor:text1\">Es decir,\nque para Pedro Hern\u00e1ndez y sus pares que dirigen la CNTE \u2013fundada en diciembre\nde 1979\u2013 era sumamente importante romper con el ayuno de paros de labores a lo\nlargo de m\u00e1s de cinco a\u00f1os y que recordaba con cierto orgullo el presidente\nAndr\u00e9s Manuel, para reinstalarse en una rutina anual que convirti\u00f3 a los paros\nque son el \u00faltimo recurso de la lucha sindical en uno de los primeros; a las\nmarchas, bloqueos, plantones y arrebatos de violencia y de franco vandalismo,\nahora hasta en Palacio Nacional, en la pesadilla de millones de transe\u00fantes y\nautomovilistas, a las mayor\u00edas que son las m\u00e1s afectadas y tambi\u00e9n tienen\nderechos garantizados por la ley de leyes, as\u00ed como los ni\u00f1os a clases.<o:p><\/o:p><\/span><\/p>\n\n<p class=\"MsoNormal\" style=\"margin-bottom:0cm;margin-bottom:.0001pt;text-align:\njustify;text-indent:35.4pt;line-height:normal\"><span style=\"font-size:12.0pt;\nfont-family:&quot;Arial&quot;,&quot;sans-serif&quot;;color:black;mso-themecolor:text1\">Los sufridos\nautomovilistas y peatones capitalinos saben que el D\u00eda del Maestro de cada a\u00f1o,\nla dirigencia y militantes intentan apropiarse de la Ciudad de M\u00e9xico\ndesgraciando la vida de millones de personas y sin el apoyo de las cuales jam\u00e1s\nlograr\u00e1n sus m\u00e1s caras y con frecuencia justas demandas. Pero ellos suponen que\nel da\u00f1o se lo causan a las autoridades, al gobierno ahora representado por L\u00f3pez\nObradora al que no apoyan porque retrasar\u00eda \u201cla transformaci\u00f3n revolucionaria\u201d.\nEst\u00e1n muy equivocados, la afectaci\u00f3n principal y con frecuencia injustificable\nes a los alumnos y sus padres.<o:p><\/o:p><\/span><\/p>\n\n<p class=\"MsoNormal\" style=\"margin-bottom:0cm;margin-bottom:.0001pt;text-align:\njustify;text-indent:35.4pt;line-height:normal\"><span style=\"font-size:12.0pt;\nfont-family:&quot;Arial&quot;,&quot;sans-serif&quot;;color:black;mso-themecolor:text1\">Por ello fue\noportuna y al parecer sincera la reflexi\u00f3n de L\u00f3pez Obrador y que la dirigencia\nmagisterial deber\u00eda tomar nota y debatirla sin prejuicios y a la luz de 45 a\u00f1os\nde lucha con resultados insatisfactorios. AMLO consider\u00f3 que hay muchas maneras\nde luchar por los intereses sociales, por eso plante\u00f3 a la Coordinadora la\nnecesidad de mantener el trabajo con las bases sindicales, porque luego ocurre\nque en una organizaci\u00f3n gremial sus dirigentes se desprenden de sus bases, y\nempiezan a desconocer sus demandas sociales, se convierten en l\u00edderes\npol\u00edticos, expertos o ide\u00f3logos alejados de su realidad social. \u201cNo hay que\nabandonar la sabidur\u00eda popular y estar siempre con la gente, y no a la\nviolencia\u201d. Los actuales l\u00edderes de la CNTE saben mejor que nadie que incluso\ntuvieron dirigentes ahora enriquecidos y no precisamente de experiencias e\nideas sino de bienes e inmuebles.<o:p><\/o:p><\/span><\/p>\n\n<p class=\"MsoNormal\" style=\"margin-bottom:0cm;margin-bottom:.0001pt;text-align:\njustify;text-indent:35.4pt;line-height:normal\"><span style=\"font-size:12.0pt;\nfont-family:&quot;Arial&quot;,&quot;sans-serif&quot;;color:black;mso-themecolor:text1\">Es para\nregistrarse que m\u00e1s all\u00e1 de lo logrado en la visi\u00f3n estrecha, interna, de \u201creorganizarse\ny articularse\u201d desde las filas de la CNTE, los movilizados obtuvieron un\nincremento salarial de 13%, luego de que el 15 de mayo el presidente Obrador\nanunci\u00f3 que era de 10%; la reinstalaci\u00f3n de los cesados tambi\u00e9n es importante,\na\u00fan faltan algunos y adem\u00e1s lograron, dicen, la interlocuci\u00f3n con el gobierno. \u00c9sta\nno dej\u00f3 de existir desde el 1 de diciembre de 2018. <o:p><\/o:p><\/span><\/p>\n\n<p class=\"MsoNormal\" align=\"center\" style=\"margin-bottom:0cm;margin-bottom:.0001pt;\ntext-align:center;line-height:normal\"><b style=\"mso-bidi-font-weight:normal\"><span style=\"font-size:12.0pt;font-family:&quot;Arial&quot;,&quot;sans-serif&quot;;mso-fareast-font-family:\n&quot;Times New Roman&quot;;color:black;mso-themecolor:text1;mso-fareast-language:ES-MX\">Acuse\nde recibo<o:p><\/o:p><\/span><\/b><\/p>\n\n<p class=\"MsoNormal\" style=\"margin-bottom:0cm;margin-bottom:.0001pt;text-align:\njustify;line-height:normal\"><span style=\"font-size:12.0pt;font-family:&quot;Arial&quot;,&quot;sans-serif&quot;;\nmso-fareast-font-family:&quot;Times New Roman&quot;;color:black;mso-themecolor:text1;\nmso-fareast-language:ES-MX\">Los resultados del 2 de junio reconfirman que la\nderrota es hu\u00e9rfana, la arquitecta del fracaso electoral, X\u00f3chitl G\u00e1lvez Ruiz, ahora\nse dedica a buscar culpables sin plantarse frente al espejo y ponderar sus\ngraves errores, dislates y ocurrencias que la condujeron a contradecirse de un\nd\u00eda para otro y ganarse el mote de la Chimoltrufia, personaje de Roberto G\u00f3mez\nBola\u00f1os: \u201cComo digo una cosa, digo otra\u201d\u2026 Y por supuesto, en primer\u00edsimo lugar\nest\u00e1 la \u201cguerra sucia, pero en serio\u201d, como recomend\u00f3 el \u201cestratega\u201d Jorge\nGerm\u00e1n Casta\u00f1eda que acumula dos estrepitosos fracasos en la puja por la\nPresidencia con Ricardo Anaya y Bertha X\u00f3chitl\u2026 Carmen Aristegui descubri\u00f3 un\npoquito tarde que \u201cClaudia Sheinbaum es una calca de L\u00f3pez Obrador\u201d, desde 2023\nse lo plante\u00f3 Azucena Uresti en su cara: \u201cHabla usted igual que L\u00f3pez Obrador,\nhasta usa las mismas palabras\u201d, a la entonces (ante pre) candidata durante\nentrevista colectiva para canal 6.1 de Milenio Televisi\u00f3n. Despu\u00e9s Uresti sali\u00f3\ncorriendo a Radio F\u00f3rmula porque le ofrecieron unos cuantos pesos m\u00e1s de\nsalario\u2026 Desde la elecci\u00f3n presidencial de 2006, Dante Delgado repite cada seis\na\u00f1os que MC es \u201cLa fuerza pol\u00edtica que m\u00e1s creci\u00f3\u201d, el 11 de junio lo presumi\u00f3\nen la manta que presidi\u00f3 el acto de balance&#8230; El economista Xicot\u00e9ncatl\nGonz\u00e1lez, integrante del Grupo Mar\u00eda Cristina, falleci\u00f3 el 15 de junio de 2019.\nUn abrazo para Em\u00e9rita, sus familiares y amigos.<o:p><\/o:p><\/span><\/p>\n\n<p class=\"MsoNormal\" style=\"margin-bottom:0cm;margin-bottom:.0001pt;text-align:\njustify;line-height:normal\"><span style=\"font-size:8.0pt;font-family:&quot;Arial&quot;,&quot;sans-serif&quot;;\nmso-fareast-font-family:&quot;Times New Roman&quot;;color:black;mso-themecolor:text1;\nmso-fareast-language:ES-MX\">https:\/\/new.forumenlinea.com\/<span style=\"mso-spacerun:yes\">&nbsp;&nbsp;&nbsp; <\/span><\/span><a href=\"mailto:forum@forumenlinea.com\"><span style=\"font-size:8.0pt;font-family:\n&quot;Arial&quot;,&quot;sans-serif&quot;;mso-fareast-font-family:&quot;Times New Roman&quot;;color:black;\nmso-themecolor:text1;mso-fareast-language:ES-MX;text-decoration:none;\ntext-underline:none\">forum@forumenlinea.com<\/span><\/a><span style=\"font-size:\n8.0pt;font-family:&quot;Arial&quot;,&quot;sans-serif&quot;;mso-fareast-font-family:&quot;Times New Roman&quot;;\ncolor:black;mso-themecolor:text1;mso-fareast-language:ES-MX\"><span style=\"mso-spacerun:yes\">&nbsp;&nbsp;&nbsp; <\/span>Twitter@IbarraAguirreEd<o:p><\/o:p><\/span><\/p>\n\n<p class=\"MsoNormal\"><span style=\"font-size:12.0pt;line-height:107%;font-family:\n&quot;Arial&quot;,&quot;sans-serif&quot;\"><o:p>&nbsp;<\/o:p><\/span><\/p>\n\n<\/div>\n\n\n\n\n\n","protected":false},"excerpt":{"rendered":"<p>Utop\u00eda &nbsp; Obrador, la CNTE y \u201cla pausa\u201d del paro &nbsp; Eduardo Ibarra Aguirre &nbsp; Opiniones que reflejan distintas visiones sobre la movilizaci\u00f3n magisterial, los derechos de la ni\u00f1ez a la educaci\u00f3n de calidad y de los transe\u00fantes a desplazarse libremente, quedaron de manifiesto la semana pasada al comenzar lo&#8230;<\/p>\n<div class=\"more-link-wrapper\"><a class=\"more-link\" href=\"https:\/\/forumenlinea.com\/?p=3360\">Continuar leyendo<span class=\"screen-reader-text\"><\/span><\/a><\/div>\n","protected":false},"author":1,"featured_media":0,"comment_status":"closed","ping_status":"closed","sticky":false,"template":"","format":"standard","meta":{"footnotes":""},"categories":[2],"tags":[],"class_list":["post-3360","post","type-post","status-publish","format-standard","hentry","category-utopia","entry"],"_links":{"self":[{"href":"https:\/\/forumenlinea.com\/index.php?rest_route=\/wp\/v2\/posts\/3360","targetHints":{"allow":["GET"]}}],"collection":[{"href":"https:\/\/forumenlinea.com\/index.php?rest_route=\/wp\/v2\/posts"}],"about":[{"href":"https:\/\/forumenlinea.com\/index.php?rest_route=\/wp\/v2\/types\/post"}],"author":[{"embeddable":true,"href":"https:\/\/forumenlinea.com\/index.php?rest_route=\/wp\/v2\/users\/1"}],"replies":[{"embeddable":true,"href":"https:\/\/forumenlinea.com\/index.php?rest_route=%2Fwp%2Fv2%2Fcomments&post=3360"}],"version-history":[{"count":1,"href":"https:\/\/forumenlinea.com\/index.php?rest_route=\/wp\/v2\/posts\/3360\/revisions"}],"predecessor-version":[{"id":3361,"href":"https:\/\/forumenlinea.com\/index.php?rest_route=\/wp\/v2\/posts\/3360\/revisions\/3361"}],"wp:attachment":[{"href":"https:\/\/forumenlinea.com\/index.php?rest_route=%2Fwp%2Fv2%2Fmedia&parent=3360"}],"wp:term":[{"taxonomy":"category","embeddable":true,"href":"https:\/\/forumenlinea.com\/index.php?rest_route=%2Fwp%2Fv2%2Fcategories&post=3360"},{"taxonomy":"post_tag","embeddable":true,"href":"https:\/\/forumenlinea.com\/index.php?rest_route=%2Fwp%2Fv2%2Ftags&post=3360"}],"curies":[{"name":"wp","href":"https:\/\/api.w.org\/{rel}","templated":true}]}}