{"id":2376,"date":"2024-06-10T14:01:12","date_gmt":"2024-06-10T14:01:12","guid":{"rendered":"https:\/\/forumenlinea.com\/?p=2376"},"modified":"2024-07-05T17:00:49","modified_gmt":"2024-07-05T17:00:49","slug":"2376","status":"publish","type":"post","link":"https:\/\/forumenlinea.com\/?p=2376","title":{"rendered":""},"content":{"rendered":"\n\n\n<div class=\"WordSection1\">\n\n<p class=\"s-s\" style=\"margin:0cm;margin-bottom:.0001pt\"><span style=\"font-size:\n14.0pt;font-family:&quot;Arial&quot;,&quot;sans-serif&quot;;color:black;mso-themecolor:text1\">Utop\u00eda<o:p><\/o:p><\/span><\/p>\n\n<p class=\"s-s\" style=\"margin:0cm;margin-bottom:.0001pt\"><span style=\"font-family:\n&quot;Arial&quot;,&quot;sans-serif&quot;;color:black;mso-themecolor:text1\"><o:p>&nbsp;<\/o:p><\/span><\/p>\n\n<p class=\"s-s\" align=\"center\" style=\"margin:0cm;margin-bottom:.0001pt;text-align:\ncenter\"><b style=\"mso-bidi-font-weight:normal\"><span style=\"font-size:18.0pt;\nfont-family:&quot;Arial&quot;,&quot;sans-serif&quot;;color:black;mso-themecolor:text1\">Anular la\nelecci\u00f3n presidencial<o:p><\/o:p><\/span><\/b><\/p>\n\n<p class=\"s-s\" style=\"margin:0cm;margin-bottom:.0001pt\"><span style=\"font-family:\n&quot;Arial&quot;,&quot;sans-serif&quot;;color:black;mso-themecolor:text1\"><o:p>&nbsp;<\/o:p><\/span><\/p>\n\n<p class=\"s-s\" style=\"margin:0cm;margin-bottom:.0001pt\"><b style=\"mso-bidi-font-weight:\nnormal\"><span style=\"font-family:&quot;Arial&quot;,&quot;sans-serif&quot;;color:black;mso-themecolor:\ntext1\">Eduardo Ibarra Aguirre<o:p><\/o:p><\/span><\/b><\/p>\n\n<p class=\"s-s\" style=\"margin:0cm;margin-bottom:.0001pt\"><span style=\"font-family:\n&quot;Arial&quot;,&quot;sans-serif&quot;;color:black;mso-themecolor:text1\"><o:p>&nbsp;<\/o:p><\/span><\/p>\n\n<p class=\"MsoNormal\" style=\"text-align:justify\"><span style=\"font-family:&quot;Arial&quot;,&quot;sans-serif&quot;;\ncolor:black;mso-themecolor:text1\">La fracasada coalici\u00f3n opositora Fuerza y\nCoraz\u00f3n por M\u00e9xico, su candidata presidencial X\u00f3chitl G\u00e1lvez <\/span><span style=\"font-family:&quot;Arial&quot;,&quot;sans-serif&quot;;mso-fareast-font-family:Calibri;\nmso-fareast-theme-font:minor-latin;color:black;mso-themecolor:text1;mso-fareast-language:\nEN-US\">\u2013ya <\/span><span style=\"font-family:&quot;Arial&quot;,&quot;sans-serif&quot;;color:black;\nmso-themecolor:text1\">instalada en el Senado para cobrar el jugoso sueldo de 600\n000 pesos mensuales y m\u00e1s de un mill\u00f3n de pesos por el bono de fin del\nejercicio<\/span><span style=\"font-family:&quot;Arial&quot;,&quot;sans-serif&quot;;mso-fareast-font-family:\nCalibri;mso-fareast-theme-font:minor-latin;color:black;mso-themecolor:text1;\nmso-fareast-language:EN-US\">\u2013<\/span><span style=\"font-family:&quot;Arial&quot;,&quot;sans-serif&quot;;\ncolor:black;mso-themecolor:text1\">; el tr\u00edo de oportunistas integrado por los\n\u201cpresidentes nacionales\u201d y su jefe Claudio X. Gonz\u00e1lez; los estrategas y\nasesores entre ellos Jorge Germ\u00e1n Casta\u00f1eda y H\u00e9ctor Aguilar Cam\u00edn, se\ndeclararon listos para solicitar la anulaci\u00f3n de la elecci\u00f3n presidencial ante\nel Tribunal Electoral del Poder Judicial.<\/span><span style=\"font-family:&quot;Arial&quot;,&quot;sans-serif&quot;;\nmso-fareast-font-family:Calibri;mso-fareast-theme-font:minor-latin;color:black;\nmso-themecolor:text1;mso-fareast-language:EN-US\"><o:p><\/o:p><\/span><\/p>\n\n<p class=\"s-s\" style=\"margin:0cm;margin-bottom:.0001pt;text-align:justify;\ntext-indent:35.4pt\"><span style=\"font-family:&quot;Arial&quot;,&quot;sans-serif&quot;;color:black;\nmso-themecolor:text1\">En la voz del representante de Acci\u00f3n Nacional ante el\nINE, dicen sin inmutarse despu\u00e9s de los 19.4 millones de votos que les neg\u00f3 la\nciudadan\u00eda de todas las clases y capas sociales, de todos los niveles de\nescolaridad y las generaciones mayores de 18 a\u00f1os: \u201c<\/span><span style=\"font-family:&quot;Arial&quot;,&quot;sans-serif&quot;;mso-fareast-font-family:Calibri;\nmso-fareast-theme-font:minor-latin;color:black;mso-themecolor:text1;mso-fareast-language:\nEN-US\">Reconocemos el resultado. Nosotros no estamos hablando de un fraude\nelectoral, sino de actos sistematizados, continuos y permanentes con el prop\u00f3sito\nde influir en el proceso desde su inicio, en acciones encabezadas por el\nPresidente de la Rep\u00fablica, las cuales configuran una elecci\u00f3n de Estado y,\nobviamente, una ventaja al partido oficial. Eso es lo que estamos\nalegando&#8221;, sostiene V\u00edctor Hugo <span class=\"SpellE\">Sond\u00f3n<\/span>,\nrepresentante del PAN ante el Consejo General del Instituto Nacional Electoral\u201d.<o:p><\/o:p><\/span><\/p>\n\n<p class=\"s-s\" style=\"margin:0cm;margin-bottom:.0001pt;text-align:justify;\ntext-indent:35.4pt\"><span style=\"font-family:&quot;Arial&quot;,&quot;sans-serif&quot;;mso-fareast-font-family:\nCalibri;mso-fareast-theme-font:minor-latin;color:black;mso-themecolor:text1;\nmso-fareast-language:EN-US\">Por supuesto que no inform\u00f3 que Aguilar es el autor\nde tal rumbo impugnatorio ante el Tribunal Electoral, desde hace meses lo\nplante\u00f3 una y otra vez desde los canales de Emilio Azc\u00e1rraga III; tambi\u00e9n lo\nexpuso en forma reiterada Lorenzo C\u00f3rdova, el doctor que se presentaba y\ncobraba requetebi\u00e9n como \u00e1rbitro electoral <\/span><span style=\"font-family:\n&quot;Arial&quot;,&quot;sans-serif&quot;\">desde el 3 de abril de 2014 hasta el 3 de abril de 2023,\nsin que todav\u00eda termine de entregar cuentas claras de los enormes recursos\necon\u00f3micos que manej\u00f3, pero en cambio sigue influyendo en las decisiones del\nConsejo General porque cuenta con una facci\u00f3n de seguidores.<o:p><\/o:p><\/span><\/p>\n\n<p class=\"MsoNormal\" style=\"text-align:justify;text-indent:35.4pt\"><span style=\"font-family:&quot;Arial&quot;,&quot;sans-serif&quot;\">No son ning\u00fan secreto las amonestaciones\n\u201340 seg\u00fan el due\u00f1o de (a) Nexos\u2013 que recibi\u00f3 el presidente Andr\u00e9s Manuel de\nparte de la Comisi\u00f3n de Quejas y <\/span><span style=\"font-family:&quot;Arial&quot;,&quot;sans-serif&quot;;\nmso-fareast-font-family:Calibri;mso-fareast-theme-font:minor-latin;color:black;\nmso-themecolor:text1;mso-fareast-language:EN-US\">Denuncias del INE, presidida\npor Claudia Zavala P\u00e9rez, prima de Margarita Zavala, la esposa de Felipe\nCalder\u00f3n, expresidente de M\u00e9xico a quien la consejera le regal\u00f3 el registro del\npartido M\u00e9xico Libre, seg\u00fan fuentes period\u00edsticas. Y lo anterior no es\ndenunciado y menos todav\u00eda conocido.<o:p><\/o:p><\/span><\/p>\n\n<p class=\"MsoNormal\" style=\"text-align:justify;text-indent:35.4pt\"><span style=\"font-family:&quot;Arial&quot;,&quot;sans-serif&quot;;mso-fareast-font-family:Calibri;\nmso-fareast-theme-font:minor-latin;color:black;mso-themecolor:text1;mso-fareast-language:\nEN-US\">La <\/span><span style=\"font-family:&quot;Arial&quot;,&quot;sans-serif&quot;\">Comisi\u00f3n de\nQuejas y <\/span><span style=\"font-family:&quot;Arial&quot;,&quot;sans-serif&quot;;mso-fareast-font-family:\nCalibri;mso-fareast-theme-font:minor-latin;color:black;mso-themecolor:text1;\nmso-fareast-language:EN-US\">Denuncias fue demasiado tolerante de los excesos\nilegales de X\u00f3chitl G\u00e1lvez, entre ellos el uso abusivo del logotipo del INE\npara publicitar, usurpando funciones de un \u00f3rgano aut\u00f3nomo, que los programas\nsociales no pertenece a ning\u00fan partido pol\u00edtico. Por supuesto, y menos cuando\nson derechos constitucionales que, adem\u00e1s, no contaron con los votos de los\nlegisladores del PAN. Y por ello mismo no pueden ser clientelares, como lo\nreconoc\u00eda Ana Laura <span class=\"SpellE\">Magaloni<\/span> hasta antes de que Aguilar\nla sometiera a presiones al aire, en Foro, para que se alineara con la\ncandidatura de G\u00e1lvez.<o:p><\/o:p><\/span><\/p>\n\n<p class=\"MsoNormal\" style=\"text-align:justify;text-indent:35.4pt\"><span style=\"font-family:&quot;Arial&quot;,&quot;sans-serif&quot;;mso-fareast-font-family:Calibri;\nmso-fareast-theme-font:minor-latin;color:black;mso-themecolor:text1;mso-fareast-language:\nEN-US\">En todo caso no hay peor lucha que la que no se hace o emprende. Y los peque\u00f1os\npresidentes de lo que queda del PRIANRD ya empezaron los ajustes de cuentas\nentre ellos, otra cosa es la reflexi\u00f3n y el debate, y colocan al magnate\nClaudio X. Gonz\u00e1lez como el responsable del fracaso pol\u00edtico y electoral, pero\nomiten que Casta\u00f1eda era su asesor.<o:p><\/o:p><\/span><\/p>\n\n<p class=\"MsoNormal\" style=\"text-align:justify;text-indent:35.4pt\"><span style=\"font-family:&quot;Arial&quot;,&quot;sans-serif&quot;;mso-fareast-font-family:Calibri;\nmso-fareast-theme-font:minor-latin;color:black;mso-themecolor:text1;mso-fareast-language:\nEN-US\">En todo caso est\u00e1n en su derecho y nadie se los debe regatear, incluso\nsi, como dice Gerardo Fern\u00e1ndez Noro\u00f1a: \u201cQuieren ser humillados otra vez\u201d. O\nhacer el rid\u00edculo con sus 16.5 millones (27.4%), de los votos obtenidos por\nX\u00f3chitl G\u00e1lvez frente los 35.9 millones de votos (59.7%) conquistados por\nClaudia <span class=\"SpellE\">Sheinbaum<\/span>. <o:p><\/o:p><\/span><\/p>\n\n<p class=\"s-s\" align=\"center\" style=\"margin:0cm;margin-bottom:.0001pt;text-align:\ncenter\"><b style=\"mso-bidi-font-weight:normal\"><span style=\"font-family:&quot;Arial&quot;,&quot;sans-serif&quot;;\ncolor:black;mso-themecolor:text1\">Acuse de recibo<o:p><\/o:p><\/span><\/b><\/p>\n\n<p class=\"MsoNormal\" style=\"text-align:justify\"><span style=\"font-family:&quot;Arial&quot;,&quot;sans-serif&quot;;\ncolor:black;mso-themecolor:text1\">\u201cCiudadanos de baja intensidad\u201d, denomina\nAguilar Cam\u00edn a los 35.9 millones de los votantes de <span class=\"SpellE\">Sheinbaum<\/span>.\nNo cabe duda que el distinguido intelectual mercenario extra\u00f1a los cheques de\nLos Pinos y anexas que recibi\u00f3 de 1982 a 2018\u2026 Jes\u00fas Zambrano, dirigente del\nPRD, \u201creconoci\u00f3 la contundente derrota de Morena y aliados sobre los partidos\nde oposici\u00f3n, en las elecciones del domingo. En entrevista con El Universal\n\u2013del pillo Juan Francisco <span class=\"SpellE\">Ealy<\/span> Ortiz\u2013 dijo que el\nPRI, PAN y PRD se enga\u00f1aron y padecieron una especie de \u2018ilusi\u00f3n \u00f3ptica\u2019,\nporque en las calles percibieron sentimientos de rechazo hacia el partido\nguinda\u201d\u2026 David Grossman, escritor y ensayista israel\u00ed: \u201cIsrael, el pueblo bueno\ny moral, mantiene desde hace 56 a\u00f1os a otro pueblo bajo la bota&#8221; (El Pa\u00eds,\n2-VI-24)\u2026 \u201c\u00a1Por la paz en el mundo! Contin\u00faan las manifestaciones estudiantiles\nen solidaridad con el pueblo de Gaza, con el pueblo palestino; sobre todo de\nuniversidades estadunidenses, tambi\u00e9n de Francia, Gran Breta\u00f1a, Australia y de\notros pa\u00edses. Estos estudiantes son reprimidos, detenidos, expulsados de sus\ninstituciones, y aunque no son tantos, tienen el valor de pronunciarse en\ncontra de los cr\u00edmenes del gobierno israel\u00ed. Recuerdo la canci\u00f3n \u00a1Qu\u00e9 vivan los\nestudiantes!\u201d; opina la doctora Elba P\u00e9rez V.:<o:p><\/o:p><\/span><\/p>\n\n<p class=\"MsoNormal\" style=\"text-align:justify\"><a href=\"https:\/\/www.youtube.com\/watch?v=2_k6A4MVCEI&amp;list=RD2_k6A4MVCEI&amp;index=3\"><span style=\"font-family:&quot;Arial&quot;,&quot;sans-serif&quot;;color:black;mso-themecolor:text1\">https:\/\/www.youtube.com\/watch?v=2_k6A4MVCEI&amp;list=RD2_k6A4MVCEI&amp;index=3<\/span><\/a><span class=\"MsoHyperlink\"><span style=\"font-family:&quot;Arial&quot;,&quot;sans-serif&quot;;color:black;\nmso-themecolor:text1\"> <\/span><\/span><span style=\"font-family:&quot;Arial&quot;,&quot;sans-serif&quot;;\ncolor:black;mso-themecolor:text1\">; <o:p><\/o:p><\/span><\/p>\n\n<p class=\"MsoNormal\" style=\"text-align:justify\"><a href=\"http:\/\/www.forumenlinea.com\/\"><span style=\"font-size:8.0pt;font-family:\n&quot;Arial&quot;,&quot;sans-serif&quot;;color:black;mso-themecolor:text1;text-decoration:none;\ntext-underline:none\">http:\/\/www.forumenlinea.com\/<\/span><\/a><span style=\"font-size:8.0pt;font-family:&quot;Arial&quot;,&quot;sans-serif&quot;;color:black;mso-themecolor:\ntext1\"><span style=\"mso-spacerun:yes\">&nbsp;&nbsp;&nbsp; <\/span><\/span><a href=\"mailto:forum@forumenlinea.com\"><span style=\"font-size:8.0pt;font-family:\n&quot;Arial&quot;,&quot;sans-serif&quot;;color:black;mso-themecolor:text1;text-decoration:none;\ntext-underline:none\">forum@forumenlinea.com<\/span><\/a><span style=\"font-size:\n8.0pt;font-family:&quot;Arial&quot;,&quot;sans-serif&quot;;color:black;mso-themecolor:text1\"><span style=\"mso-spacerun:yes\">&nbsp;&nbsp;&nbsp; <\/span><span class=\"SpellE\">Twitter@IbarraAguirreEd<\/span><o:p><\/o:p><\/span><\/p>\n\n<\/div>\n\n\n\n\n\n","protected":false},"excerpt":{"rendered":"<p>Utop\u00eda &nbsp; Anular la elecci\u00f3n presidencial &nbsp; Eduardo Ibarra Aguirre &nbsp; La fracasada coalici\u00f3n opositora Fuerza y Coraz\u00f3n por M\u00e9xico, su candidata presidencial X\u00f3chitl G\u00e1lvez \u2013ya instalada en el Senado para cobrar el jugoso sueldo de 600 000 pesos mensuales y m\u00e1s de un mill\u00f3n de pesos por el bono&#8230;<\/p>\n<div class=\"more-link-wrapper\"><a class=\"more-link\" href=\"https:\/\/forumenlinea.com\/?p=2376\">Continuar leyendo<span class=\"screen-reader-text\"><\/span><\/a><\/div>\n","protected":false},"author":1,"featured_media":0,"comment_status":"closed","ping_status":"closed","sticky":false,"template":"","format":"standard","meta":{"footnotes":""},"categories":[2],"tags":[],"class_list":["post-2376","post","type-post","status-publish","format-standard","hentry","category-utopia","entry"],"_links":{"self":[{"href":"https:\/\/forumenlinea.com\/index.php?rest_route=\/wp\/v2\/posts\/2376","targetHints":{"allow":["GET"]}}],"collection":[{"href":"https:\/\/forumenlinea.com\/index.php?rest_route=\/wp\/v2\/posts"}],"about":[{"href":"https:\/\/forumenlinea.com\/index.php?rest_route=\/wp\/v2\/types\/post"}],"author":[{"embeddable":true,"href":"https:\/\/forumenlinea.com\/index.php?rest_route=\/wp\/v2\/users\/1"}],"replies":[{"embeddable":true,"href":"https:\/\/forumenlinea.com\/index.php?rest_route=%2Fwp%2Fv2%2Fcomments&post=2376"}],"version-history":[{"count":1,"href":"https:\/\/forumenlinea.com\/index.php?rest_route=\/wp\/v2\/posts\/2376\/revisions"}],"predecessor-version":[{"id":2377,"href":"https:\/\/forumenlinea.com\/index.php?rest_route=\/wp\/v2\/posts\/2376\/revisions\/2377"}],"wp:attachment":[{"href":"https:\/\/forumenlinea.com\/index.php?rest_route=%2Fwp%2Fv2%2Fmedia&parent=2376"}],"wp:term":[{"taxonomy":"category","embeddable":true,"href":"https:\/\/forumenlinea.com\/index.php?rest_route=%2Fwp%2Fv2%2Fcategories&post=2376"},{"taxonomy":"post_tag","embeddable":true,"href":"https:\/\/forumenlinea.com\/index.php?rest_route=%2Fwp%2Fv2%2Ftags&post=2376"}],"curies":[{"name":"wp","href":"https:\/\/api.w.org\/{rel}","templated":true}]}}