{"id":2371,"date":"2024-06-05T13:52:47","date_gmt":"2024-06-05T13:52:47","guid":{"rendered":"https:\/\/forumenlinea.com\/?p=2371"},"modified":"2024-07-05T17:00:37","modified_gmt":"2024-07-05T17:00:37","slug":"2371","status":"publish","type":"post","link":"https:\/\/forumenlinea.com\/?p=2371","title":{"rendered":""},"content":{"rendered":"\n\n\n<div class=\"WordSection1\">\n\n<p class=\"s-s\" style=\"margin:0cm;margin-bottom:.0001pt\"><span style=\"font-size:\n14.0pt;font-family:&quot;Arial&quot;,&quot;sans-serif&quot;;color:black;mso-themecolor:text1\">Utop\u00eda<o:p><\/o:p><\/span><\/p>\n\n<p class=\"s-s\" style=\"margin:0cm;margin-bottom:.0001pt\"><span style=\"font-family:\n&quot;Arial&quot;,&quot;sans-serif&quot;;color:black;mso-themecolor:text1\"><o:p>&nbsp;<\/o:p><\/span><\/p>\n\n<p class=\"s-s\" align=\"center\" style=\"margin:0cm;margin-bottom:.0001pt;text-align:\ncenter\"><b style=\"mso-bidi-font-weight:normal\"><span style=\"font-size:18.0pt;\nfont-family:&quot;Arial&quot;,&quot;sans-serif&quot;;color:black;mso-themecolor:text1\">Irreparable\nderrota electoral<o:p><\/o:p><\/span><\/b><\/p>\n\n<p class=\"s-s\" style=\"margin:0cm;margin-bottom:.0001pt\"><span style=\"font-family:\n&quot;Arial&quot;,&quot;sans-serif&quot;;color:black;mso-themecolor:text1\"><o:p>&nbsp;<\/o:p><\/span><\/p>\n\n<p class=\"s-s\" style=\"margin:0cm;margin-bottom:.0001pt\"><b style=\"mso-bidi-font-weight:\nnormal\"><span style=\"font-family:&quot;Arial&quot;,&quot;sans-serif&quot;;color:black;mso-themecolor:\ntext1\">Eduardo Ibarra Aguirre<o:p><\/o:p><\/span><\/b><\/p>\n\n<p class=\"s-s\" style=\"margin:0cm;margin-bottom:.0001pt\"><span style=\"font-family:\n&quot;Arial&quot;,&quot;sans-serif&quot;;color:black;mso-themecolor:text1\"><o:p>&nbsp;<\/o:p><\/span><\/p>\n\n<p class=\"MsoNormal\" style=\"text-align:justify\"><span style=\"font-family:&quot;Arial&quot;,&quot;sans-serif&quot;;\nmso-fareast-font-family:Calibri;mso-fareast-theme-font:minor-latin;color:black;\nmso-themecolor:text1;mso-fareast-language:EN-US\">Es profunda e irreparable la\nmagnitud de la derrota dominical que sufrieron las derechas partidistas,\nmedi\u00e1ticas, econ\u00f3micas y religiosas en las urnas; tambi\u00e9n sus cada vez menos cre\u00edbles\nintelectuales org\u00e1nicos y coment\u00f3cratas, as\u00ed como las organizaciones civiles de\nfachada rosa. Una an\u00e9cdota lo ilustra mejor, en la tierra chica de X\u00f3chitl\nG\u00e1lvez, la comunidad de Tepatepec (Francisco I. Madero), Hidalgo, fue hecha a\u00f1icos\nla imagen que le construyeron, s\u00f3lo 254 ciudadanos sufragaron por ella en las\ncuatro casillas instaladas y 1 203 votaron por Claudia Sheinbaum.<o:p><\/o:p><\/span><\/p>\n\n<p class=\"MsoNormal\" style=\"text-align:justify;text-indent:35.4pt\"><span style=\"font-family:&quot;Arial&quot;,&quot;sans-serif&quot;;mso-fareast-font-family:Calibri;\nmso-fareast-theme-font:minor-latin;color:black;mso-themecolor:text1;mso-fareast-language:\nEN-US\">Hasta la noche del d\u00eda 3, con 94.8% de las actas capturadas, el Programa\nde Resultados Electorales Preliminares indicaba que la participaci\u00f3n fue de\n60%, cifra menor que en los procesos electorales de 2018 y 2012, pues hace seis\na\u00f1os acudieron a las urnas 63.4% de los mexicanos y hace dos sexenios\nparticiparon 63.1%.<o:p><\/o:p><\/span><\/p>\n\n<p class=\"MsoNormal\" style=\"text-align:justify;text-indent:35.4pt\"><span style=\"font-family:&quot;Arial&quot;,&quot;sans-serif&quot;;mso-fareast-font-family:Calibri;\nmso-fareast-theme-font:minor-latin;color:black;mso-themecolor:text1;mso-fareast-language:\nEN-US\">Y con el 95.2% de las actas capturadas, Sheinbaum Pardo, candidata de la\ncoalici\u00f3n Sigamos Haciendo Historia (Morena, PT y PVEM), recibi\u00f3 33 millones\n226 602 votos, 3 millones m\u00e1s que lo obtenido por Andr\u00e9s Manuel L\u00f3pez Obrador\nen la elecci\u00f3n de 2018. Este n\u00famero representa el 59.35% respecto de la\nvotaci\u00f3n total de la elecci\u00f3n presidencial del domingo (55 millones 976 881) e\nincluye a 91 522 votos de los mexicanos en el extranjero.<o:p><\/o:p><\/span><\/p>\n\n<p class=\"MsoNormal\" style=\"text-align:justify;text-indent:35.4pt\"><span style=\"font-family:&quot;Arial&quot;,&quot;sans-serif&quot;;mso-fareast-font-family:Calibri;\nmso-fareast-theme-font:minor-latin;color:black;mso-themecolor:text1;mso-fareast-language:\nEN-US\">Sheinbaum acumula m\u00e1s de 33 millones de votos a su favor, lo que la\nconvierte en la candidata presidencial m\u00e1s votada de la historia mexicana y le\notorga un mandato sin precedente al menos desde 1982, una legitimidad\nincontestable y un ampl\u00edsimo margen para el ejercicio de la Presidencia de la\nRep\u00fablica.<o:p><\/o:p><\/span><\/p>\n\n<p class=\"MsoNormal\" style=\"text-align:justify;text-indent:35.4pt\"><span style=\"font-family:&quot;Arial&quot;,&quot;sans-serif&quot;;mso-fareast-font-family:Calibri;\nmso-fareast-theme-font:minor-latin;color:black;mso-themecolor:text1;mso-fareast-language:\nEN-US\">En tanto que G\u00e1lvez Ruiz, de la coalici\u00f3n Fuerza y Coraz\u00f3n por M\u00e9xico\n(PRI, PAN y PRD), alcanz\u00f3 15 millones 534 168 sufragios (27.90%), de los que 86\n558 son del extranjero. Por cierto, no se debe confundir el PREP con los\nresultados oficiales que se dar\u00e1n a conocer el domingo 9.<o:p><\/o:p><\/span><\/p>\n\n<p class=\"MsoNormal\" style=\"text-align:justify;text-indent:35.4pt\"><span style=\"font-family:&quot;Arial&quot;,&quot;sans-serif&quot;;mso-fareast-font-family:Calibri;\nmso-fareast-theme-font:minor-latin;color:black;mso-themecolor:text1;mso-fareast-language:\nEN-US\">Morena y los partidos Verde y Del Trabajo conquistaron siete de las\nnueve gubernaturas en disputa, la mayor\u00eda calificada en la C\u00e1mara de Diputados\ny est\u00e1 a cuatro esca\u00f1os de obtenerla en el Senado. Logr\u00f3, adem\u00e1s, la mayor\u00eda en\n26 de los congresos que estaban en juego en 30 estados.<o:p><\/o:p><\/span><\/p>\n\n<p class=\"MsoNormal\" style=\"text-align:justify;text-indent:35.4pt\"><span style=\"font-family:&quot;Arial&quot;,&quot;sans-serif&quot;;mso-fareast-font-family:Calibri;\nmso-fareast-theme-font:minor-latin;color:black;mso-themecolor:text1;mso-fareast-language:\nEN-US\">De tal forma que no es exagerada la afirmaci\u00f3n de que estamos ante una\nderrota profunda e irreparable, dicho de otra manera, frente a una\nreconfiguraci\u00f3n de muy largo aliento del mapa pol\u00edtico e institucional de M\u00e9xico.<o:p><\/o:p><\/span><\/p>\n\n<p class=\"MsoNormal\" style=\"text-align:justify;text-indent:35.4pt\"><span style=\"font-family:&quot;Arial&quot;,&quot;sans-serif&quot;;mso-fareast-font-family:Calibri;\nmso-fareast-theme-font:minor-latin;color:black;mso-themecolor:text1;mso-fareast-language:\nEN-US\">Por ejemplo, colocar\u00e1 al gobierno de Sheinbaum Pardo en la posibilidad\nde avanzar en el desmantelamiento de las perversiones introducidas en la Constituci\u00f3n,\ncomo son los vestigios de la denominada reforma educativa impuesta por Enrique Pe\u00f1a\ny eliminar los aspectos de la reforma energ\u00e9tica m\u00e1s perniciosos para M\u00e9xico; adem\u00e1s\nde la reforma electoral y en materia judicial. El tambi\u00e9n conocido como plan C.<o:p><\/o:p><\/span><\/p>\n\n<p class=\"MsoNormal\" style=\"text-align:justify;text-indent:35.4pt\"><span style=\"font-family:&quot;Arial&quot;,&quot;sans-serif&quot;;mso-fareast-font-family:Calibri;\nmso-fareast-theme-font:minor-latin;color:black;mso-themecolor:text1;mso-fareast-language:\nEN-US\">En tanto que en el bloque de los que todav\u00eda act\u00faan como due\u00f1os de la\nnaci\u00f3n, los oligarcas, persisten en reducir todo al viejo eslogan de una\n\u201celecci\u00f3n de Estado\u201d, las pr\u00e1cticas fraudulentas y el \u201cintercambio de billetes\ny favores\u201d, en lo que H\u00e9ctor Aguilar Cam\u00edn es extraordinario experto. No se\npercatan a\u00fan de lo m\u00e1s elemental, que por extra\u00f1as razones fueron incapaces de\npresentar un programa alternativo de gobierno y se limitaron a denostar a la\nCuarta Transformaci\u00f3n y al presidente Andr\u00e9s Manuel con la gigantesca guerra\nsucia y, en consecuencia, el electorado los coloc\u00f3 en su verdadero sitio,\nincapaces como todav\u00eda son de asumirse como las derechas mexicanas, lo que todav\u00eda\nles causa verg\u00fcenza.<o:p><\/o:p><\/span><\/p>\n\n<p class=\"s-s\" align=\"center\" style=\"margin:0cm;margin-bottom:.0001pt;text-align:\ncenter\"><b style=\"mso-bidi-font-weight:normal\"><span style=\"font-family:&quot;Arial&quot;,&quot;sans-serif&quot;;\ncolor:black;mso-themecolor:text1\">Acuse de recibo<o:p><\/o:p><\/span><\/b><\/p>\n\n<p class=\"MsoNormal\" style=\"text-align:justify\"><span style=\"font-family:&quot;Arial&quot;,&quot;sans-serif&quot;;\ncolor:black;mso-themecolor:text1\">\u201cSi Dios le habl\u00f3&nbsp;(a X\u00f3chitl G\u00e1lvez)\nentonces que se vaya a recorrer el camino de Compostela en lugar de la\nPresidencia. En el pa\u00eds donde los padres entregan&nbsp;hasta a sus hijos a los\nrepresentantes de Dios en la Tierra para poder&nbsp;entrar al para\u00edso, no es nada\n\u00e9tico pero a\u00fan m\u00e1s&nbsp;me parece deplorable. Todo un \u2018fertilizante natural\u2019\u201d;\nla opini\u00f3n es de Seidy Hern\u00e1ndez sobre <\/span><a href=\"https:\/\/analisisafondo.com\/116450\/la-verdad-muy-poca-gente-me-cree-pero-yo-recibi-una-senal-de-dios-yo-la-recibi-yo-lo-se\/\"><span style=\"font-family:&quot;Arial&quot;,&quot;sans-serif&quot;;color:black;mso-themecolor:text1\">https:\/\/analisisafondo.com\/116450\/la-verdad-muy-poca-gente-me-cree-pero-yo-recibi-una-senal-de-dios-yo-la-recibi-yo-lo-se\/<\/span><\/a><span class=\"MsoHyperlink\"><span style=\"font-family:&quot;Arial&quot;,&quot;sans-serif&quot;;color:black;\nmso-themecolor:text1;text-decoration:none;text-underline:none\"> (\u2026) Otra\nopini\u00f3n, \u00e9sta de Bertha Adriana, t\u00eda de Seidy: \u201c<\/span><\/span><span style=\"font-family:&quot;Arial&quot;,&quot;sans-serif&quot;;color:black;mso-themecolor:text1\">Preg\u00fantame\nc\u00f3mo estoy, llena de regocijo porque gan\u00f3 Claudia Sheinbaum, aunque en redes\nsociales hay mucha revoltura e inconformidad, por lo mismo dicen que van a\nhacer valer sus derechos como ciudadanos porque el gobierno actual&nbsp;les va\na quitar su dinero de los bancos y otras cosas m\u00e1s\u201d\u2026&nbsp;<\/span><span class=\"MsoHyperlink\"><span style=\"font-family:&quot;Arial&quot;,&quot;sans-serif&quot;;mso-fareast-font-family:\nCalibri;mso-fareast-theme-font:minor-latin;color:black;mso-themecolor:text1;\nmso-fareast-language:EN-US;text-decoration:none;text-underline:none\">De Elba\nP\u00e9rez Villalba: \u201c<\/span><\/span><span style=\"font-family:&quot;Arial&quot;,&quot;sans-serif&quot;;\ncolor:black;mso-themecolor:text1\">\u00a1Con Gaza pero tambi\u00e9n con los rehenes!, a\nlos que al parecer ha olvidado el gobierno israel\u00ed, y hasta algunos han sido\nv\u00edctimas de los bombardeos&nbsp;de sus connacionales. A\u00fan no es claro c\u00f3mo\nlogr\u00f3 entrar un grupo de Hamas a territorio israel\u00ed, \u201cprotegido\u201d por un\nej\u00e9rcito s\u00faper armado y entrenado que \u2018cuida\u2019 sus fronteras\u201d\u2026 Fueron repatriados\nlos restos mortales de <\/span><span style=\"font-family:&quot;Arial&quot;,&quot;sans-serif&quot;;\nmso-fareast-font-family:Calibri;mso-fareast-theme-font:minor-latin;color:black;\nmso-themecolor:text1;mso-fareast-language:EN-US\">Catarino Erasmo Garza\nRodr\u00edguez, <\/span><span style=\"font-family:&quot;Arial&quot;,&quot;sans-serif&quot;;color:black;\nmso-themecolor:text1\">revolucionario e internacionalista pionero, nativo de la\ntres veces H. (heroica) Matamoros, Tamaulipas, <\/span><a href=\"https:\/\/www.jornada.com.mx\/2024\/05\/29\/politica\/013n3pol\"><span style=\"font-family:&quot;Arial&quot;,&quot;sans-serif&quot;;mso-fareast-font-family:Calibri;\nmso-fareast-theme-font:minor-latin;color:black;mso-themecolor:text1;mso-fareast-language:\nEN-US\">https:\/\/www.jornada.com.mx\/2024\/05\/29\/politica\/013n3pol<\/span><\/a><span style=\"font-family:&quot;Arial&quot;,&quot;sans-serif&quot;;mso-fareast-font-family:Calibri;\nmso-fareast-theme-font:minor-latin;color:black;mso-themecolor:text1;mso-fareast-language:\nEN-US\"><o:p><\/o:p><\/span><\/p>\n\n<p class=\"MsoNormal\" style=\"text-align:justify\"><a href=\"http:\/\/www.forumenlinea.com\/\"><span style=\"font-size:8.0pt;font-family:\n&quot;Arial&quot;,&quot;sans-serif&quot;;color:black;mso-themecolor:text1;text-decoration:none;\ntext-underline:none\">http:\/\/www.forumenlinea.com\/<\/span><\/a><span style=\"font-size:8.0pt;font-family:&quot;Arial&quot;,&quot;sans-serif&quot;;color:black;mso-themecolor:\ntext1\"><span style=\"mso-spacerun:yes\">&nbsp;&nbsp;&nbsp; <\/span><\/span><a href=\"mailto:forum@forumenlinea.com\"><span style=\"font-size:8.0pt;font-family:\n&quot;Arial&quot;,&quot;sans-serif&quot;;color:black;mso-themecolor:text1;text-decoration:none;\ntext-underline:none\">forum@forumenlinea.com<\/span><\/a><span style=\"font-size:\n8.0pt;font-family:&quot;Arial&quot;,&quot;sans-serif&quot;;color:black;mso-themecolor:text1\"><span style=\"mso-spacerun:yes\">&nbsp;&nbsp;&nbsp; <\/span>Twitter@IbarraAguirreEd<o:p><\/o:p><\/span><\/p>\n\n<\/div>\n\n\n\n\n\n","protected":false},"excerpt":{"rendered":"<p>Utop\u00eda &nbsp; Irreparable derrota electoral &nbsp; Eduardo Ibarra Aguirre &nbsp; Es profunda e irreparable la magnitud de la derrota dominical que sufrieron las derechas partidistas, medi\u00e1ticas, econ\u00f3micas y religiosas en las urnas; tambi\u00e9n sus cada vez menos cre\u00edbles intelectuales org\u00e1nicos y coment\u00f3cratas, as\u00ed como las organizaciones civiles de fachada rosa.&#8230;<\/p>\n<div class=\"more-link-wrapper\"><a class=\"more-link\" href=\"https:\/\/forumenlinea.com\/?p=2371\">Continuar leyendo<span class=\"screen-reader-text\"><\/span><\/a><\/div>\n","protected":false},"author":1,"featured_media":0,"comment_status":"closed","ping_status":"closed","sticky":false,"template":"","format":"standard","meta":{"footnotes":""},"categories":[2],"tags":[],"class_list":["post-2371","post","type-post","status-publish","format-standard","hentry","category-utopia","entry"],"_links":{"self":[{"href":"https:\/\/forumenlinea.com\/index.php?rest_route=\/wp\/v2\/posts\/2371","targetHints":{"allow":["GET"]}}],"collection":[{"href":"https:\/\/forumenlinea.com\/index.php?rest_route=\/wp\/v2\/posts"}],"about":[{"href":"https:\/\/forumenlinea.com\/index.php?rest_route=\/wp\/v2\/types\/post"}],"author":[{"embeddable":true,"href":"https:\/\/forumenlinea.com\/index.php?rest_route=\/wp\/v2\/users\/1"}],"replies":[{"embeddable":true,"href":"https:\/\/forumenlinea.com\/index.php?rest_route=%2Fwp%2Fv2%2Fcomments&post=2371"}],"version-history":[{"count":1,"href":"https:\/\/forumenlinea.com\/index.php?rest_route=\/wp\/v2\/posts\/2371\/revisions"}],"predecessor-version":[{"id":2372,"href":"https:\/\/forumenlinea.com\/index.php?rest_route=\/wp\/v2\/posts\/2371\/revisions\/2372"}],"wp:attachment":[{"href":"https:\/\/forumenlinea.com\/index.php?rest_route=%2Fwp%2Fv2%2Fmedia&parent=2371"}],"wp:term":[{"taxonomy":"category","embeddable":true,"href":"https:\/\/forumenlinea.com\/index.php?rest_route=%2Fwp%2Fv2%2Fcategories&post=2371"},{"taxonomy":"post_tag","embeddable":true,"href":"https:\/\/forumenlinea.com\/index.php?rest_route=%2Fwp%2Fv2%2Ftags&post=2371"}],"curies":[{"name":"wp","href":"https:\/\/api.w.org\/{rel}","templated":true}]}}