{"id":2363,"date":"2024-05-27T13:48:16","date_gmt":"2024-05-27T13:48:16","guid":{"rendered":"https:\/\/forumenlinea.com\/?p=2363"},"modified":"2024-07-05T17:01:28","modified_gmt":"2024-07-05T17:01:28","slug":"2363","status":"publish","type":"post","link":"https:\/\/forumenlinea.com\/?p=2363","title":{"rendered":""},"content":{"rendered":"\n\n\n<div class=\"WordSection1\">\n\n<p class=\"s-s\" style=\"margin:0cm;margin-bottom:.0001pt\"><span style=\"font-size:\n14.0pt;font-family:&quot;Arial&quot;,&quot;sans-serif&quot;;color:black;mso-themecolor:text1\">Utop\u00eda<o:p><\/o:p><\/span><\/p>\n\n<p class=\"s-s\" style=\"margin:0cm;margin-bottom:.0001pt\"><span style=\"font-family:\n&quot;Arial&quot;,&quot;sans-serif&quot;;color:black;mso-themecolor:text1\"><o:p>&nbsp;<\/o:p><\/span><\/p>\n\n<p class=\"s-s\" align=\"center\" style=\"margin:0cm;margin-bottom:.0001pt;text-align:\ncenter\"><b style=\"mso-bidi-font-weight:normal\"><span style=\"font-size:18.0pt;\nfont-family:&quot;Arial&quot;,&quot;sans-serif&quot;;color:black;mso-themecolor:text1\">Desesperaci\u00f3n\ne incompetencia<o:p><\/o:p><\/span><\/b><\/p>\n\n<p class=\"s-s\" style=\"margin:0cm;margin-bottom:.0001pt\"><span style=\"font-family:\n&quot;Arial&quot;,&quot;sans-serif&quot;;color:black;mso-themecolor:text1\"><o:p>&nbsp;<\/o:p><\/span><\/p>\n\n<p class=\"s-s\" style=\"margin:0cm;margin-bottom:.0001pt\"><b style=\"mso-bidi-font-weight:\nnormal\"><span style=\"font-family:&quot;Arial&quot;,&quot;sans-serif&quot;;color:black;mso-themecolor:\ntext1\">Eduardo Ibarra Aguirre<o:p><\/o:p><\/span><\/b><\/p>\n\n<p class=\"s-s\" style=\"margin:0cm;margin-bottom:.0001pt;tab-stops:54.6pt\"><span style=\"font-family:&quot;Arial&quot;,&quot;sans-serif&quot;;color:black;mso-themecolor:text1\"><span style=\"mso-tab-count:1\">&nbsp;&nbsp;&nbsp;&nbsp;&nbsp;&nbsp;&nbsp;&nbsp;&nbsp;&nbsp;&nbsp;&nbsp;&nbsp;&nbsp;&nbsp;&nbsp;&nbsp; <\/span><o:p><\/o:p><\/span><\/p>\n\n<p class=\"s-s\" align=\"right\" style=\"margin:0cm;margin-bottom:.0001pt;text-align:\nright\"><i style=\"mso-bidi-font-style:normal\"><span style=\"font-family:&quot;Arial&quot;,&quot;sans-serif&quot;;\ncolor:black;mso-themecolor:text1\">A do\u00f1a Francisca Oliv\u00e9 Sans, 15 a\u00f1os despu\u00e9s.<o:p><\/o:p><\/span><\/i><\/p>\n\n<p class=\"s-s\" style=\"margin:0cm;margin-bottom:.0001pt\"><span style=\"font-family:\n&quot;Arial&quot;,&quot;sans-serif&quot;;color:black;mso-themecolor:text1\"><o:p>&nbsp;<\/o:p><\/span><\/p>\n\n<p class=\"MsoNormal\" style=\"text-align:justify\"><span style=\"font-family:&quot;Arial&quot;,&quot;sans-serif&quot;;\nmso-fareast-font-family:Calibri;mso-fareast-theme-font:minor-latin;color:black;\nmso-themecolor:text1;mso-fareast-language:EN-US\">El mi\u00e9rcoles 29 concluye la\ncampa\u00f1a electoral a las 23 horas con 59 minutos; al siguiente minuto, el jueves\n30, comienza la veda electoral; deber\u00e1 cesar toda actividad proselitista de\ncandidatos y partidos. De esta manera, no ser\u00e1 usted objeto del bombardeo\npropagand\u00edstico saturado de mentiras, promesas en falso y rid\u00edculos autoelogios\na que nos sometieron las dirigencias de los partidos.<o:p><\/o:p><\/span><\/p>\n\n<p class=\"MsoNormal\" style=\"text-align:justify;text-indent:35.4pt\"><span style=\"font-family:&quot;Arial&quot;,&quot;sans-serif&quot;;mso-fareast-font-family:Calibri;\nmso-fareast-theme-font:minor-latin;color:black;mso-themecolor:text1;mso-fareast-language:\nEN-US\">Todav\u00eda no acataba X\u00f3chitl G\u00e1lvez las \u00f3rdenes de la Comisi\u00f3n de Quejas y\nDenuncias del INE, presidida por su camarada Claudia Zavala P\u00e9rez, para que\ndejara de usar en su campa\u00f1a de difamaci\u00f3n y calumnias \u201cnarco candidata\u201d y\n\u201cnarco partido\u201d con el pretexto de que todav\u00eda no recib\u00eda la notificaci\u00f3n por\nescrito, cuando ya estaba en marcha una nueva campa\u00f1a de bots para atacar a\nClaudia Sheinbaum, candidata presidencial de Juntos Hagamos Historia, y comenz\u00f3\ndesde la madrugada del viernes 24 en redes sociales otra campa\u00f1a negra ahora\ncon el hashtag #UnaAsesinaNoSer\u00e1Presidenta.<o:p><\/o:p><\/span><\/p>\n\n<p class=\"MsoNormal\" style=\"text-align:justify;text-indent:35.4pt\"><span style=\"font-family:&quot;Arial&quot;,&quot;sans-serif&quot;;mso-fareast-font-family:Calibri;\nmso-fareast-theme-font:minor-latin;color:black;mso-themecolor:text1;mso-fareast-language:\nEN-US\">Nunca la desesperaci\u00f3n y la incompetencia pol\u00edtica con todo y el\nrespaldo de 250 intelectuales a los que les faltan \u201capapacho$\u201d (H\u00e9ctor Aguilar\nCam\u00edn), fueron buenas consejeras a la hora de las grandes disputas pol\u00edticas.<o:p><\/o:p><\/span><\/p>\n\n<p class=\"MsoNormal\" style=\"text-align:justify;text-indent:35.4pt\"><span style=\"font-family:&quot;Arial&quot;,&quot;sans-serif&quot;;mso-fareast-font-family:Calibri;\nmso-fareast-theme-font:minor-latin;color:black;mso-themecolor:text1;mso-fareast-language:\nEN-US\">Por m\u00e1s que el estratega que condujo a la apabullante derrota al peque\u00f1o\nRicardo Anaya \u2013el presunto pr\u00f3fugo de la justicia\u2013, recomiende a X\u00f3chitl G\u00e1lvez\ny Claudio X. Gonz\u00e1lez Guajardo la \u201cguerra sucia, pero en serio\u201d, \u00faltimos tres\nvocablos que usa Jorge G. Casta\u00f1eda en forma obsesiva desde1979, y ahora \u201ctirar\na matar\u201d (pol\u00edticamente), todas las encuestas, salvo la de Massive Caller a la\nque pagaron 12 millones de pesos hasta el 2 de mayo (Contral\u00ednea), prev\u00e9n una\npronunciada derrota en las urnas para la se\u00f1ora \u201ctrotskista\u201d que en Iztapalapa\nanunci\u00f3 a gritos destemplados: \u201cNosotros somos la verdadera izquierda\u201d, lo que\nno se lo cree ni su belicoso v\u00e1stago cuando disfruta de los placeres de\nDionisio y agrede polic\u00edas en Polanco, que para eso es hijo de mami y fue su\nfracasado v\u00ednculo con los j\u00f3venes.<o:p><\/o:p><\/span><\/p>\n\n<p class=\"MsoNormal\" style=\"text-align:justify;text-indent:35.4pt\"><span style=\"font-family:&quot;Arial&quot;,&quot;sans-serif&quot;;mso-fareast-font-family:Calibri;\nmso-fareast-theme-font:minor-latin;color:black;mso-themecolor:text1;mso-fareast-language:\nEN-US\">Dentro de seis d\u00edas, por la noche, quedar\u00e1 m\u00e1s claro qu\u00e9 tanto \u00e9xito o\nfracaso tuvieron las campa\u00f1as de propaganda negra o \u201cguerra sucia, pero en\nserio\u201d, dir\u00eda el nuevo Brozo del an\u00e1lisis pol\u00edtico en Televisa, cuando desde ya\ntodo apunta a que no le hicieron mella a la intenci\u00f3n de voto a favor de\nSheinbaum y el respaldo ciudadano sin precedente al presidente Andr\u00e9s Manuel,\naunque Jorge Germ\u00e1n apuntar\u00eda enseguida que su exjefe Vicente Fox ten\u00eda el\nmismo respaldo.<o:p><\/o:p><\/span><\/p>\n\n<p class=\"MsoNormal\" style=\"text-align:justify;text-indent:35.4pt\"><span style=\"font-family:&quot;Arial&quot;,&quot;sans-serif&quot;;mso-fareast-font-family:Calibri;\nmso-fareast-theme-font:minor-latin;color:black;mso-themecolor:text1;mso-fareast-language:\nEN-US\">El aparato comunicacional de la plutocracia de M\u00e9xico sigue con\naudiencias relativamente robustas pero con muy baja credibilidad, en el caso de\nla televisi\u00f3n o caja idiota ronda el 17%, 19% la radio y 21% los peri\u00f3dicos, de\nacuerdo con la encuesta de Parametr\u00eda, dirigida por Francisco Abundis.<o:p><\/o:p><\/span><\/p>\n\n<p class=\"MsoNormal\" style=\"text-align:justify;text-indent:35.4pt\"><span style=\"font-family:&quot;Arial&quot;,&quot;sans-serif&quot;;mso-fareast-font-family:Calibri;\nmso-fareast-theme-font:minor-latin;color:black;mso-themecolor:text1;mso-fareast-language:\nEN-US\">Lo m\u00e1s probable es que los propietarios del oligopolio medi\u00e1tico se vean\nprecisados a \u201chacer un an\u00e1lisis autocr\u00edtico\u201d y repensar sus estrategias, porque\n\u201chan resultado un rotundo fracaso\u201d, al decir de L\u00f3pez Obrador. La \u201cmarcha\nblanca\u201d del 27 de junio de 2004, organizada por el hoy membrete M\u00e9xico Unido\ncontra la Delincuencia, aparte de sus justas demandas y muchos participantes,\nfue muy bien instrumentalizada por Televisa y la dictadura medi\u00e1tica. Imposible\nomitir la llamada telef\u00f3nica de Lorenzo Servitje al tesorero Jos\u00e9 Luis Musi\npara preguntarle: \u201c\u00bfCu\u00e1ntos millones de pesos necesita que le deposite para la\nmarcha?\u201d<o:p><\/o:p><\/span><\/p>\n\n<p class=\"MsoNormal\" style=\"text-align:justify;text-indent:35.4pt\"><span style=\"font-family:&quot;Arial&quot;,&quot;sans-serif&quot;;mso-fareast-font-family:Calibri;\nmso-fareast-theme-font:minor-latin;color:black;mso-themecolor:text1;mso-fareast-language:\nEN-US\">La historia se repite dos veces, dir\u00eda Carlos Marx, primero como\ntragedia y despu\u00e9s como farsa, con la marcha de la marea rosa.<o:p><\/o:p><\/span><\/p>\n\n<p class=\"s-s\" align=\"center\" style=\"margin:0cm;margin-bottom:.0001pt;text-align:\ncenter\"><b style=\"mso-bidi-font-weight:normal\"><span style=\"font-family:&quot;Arial&quot;,&quot;sans-serif&quot;;\ncolor:black;mso-themecolor:text1\">Acuse de recibo<o:p><\/o:p><\/span><\/b><\/p>\n\n<p class=\"MsoNormal\" style=\"text-align:justify\"><span style=\"font-family:&quot;Arial&quot;,&quot;sans-serif&quot;;\ncolor:black;mso-themecolor:text1\">AMLO busca tener el orgullo de que en su\nmandato, por concluir dentro de tres meses y tres d\u00edas, \u201cno reprimi\u00f3\u201d ninguna\nprotesta. Plausible objetivo, pero como mandatario de todos los mexicanos est\u00e1\nobligado a velar tambi\u00e9n por los derechos de libre tr\u00e1nsito para peatones y\nautomovilistas, adem\u00e1s de que persuadir y contener a manifestantes no equivale\na reprimir\u2026 De la misma manera que est\u00e1 obligado a no invadir funciones\nexclusivas del Ministerio P\u00fablico o fiscal\u00edas, como lo hace al defender a\nIgnacio Ovalle Fern\u00e1ndez en el caso de la corrupci\u00f3n en Segalmex y a la\ndirigencia de Movimiento Ciudadano en la tragedia de Garza Garc\u00eda, Nuevo Le\u00f3n\u2026\n\u201cVecinos Unidos de Copilco Universidad exigen a la alcald\u00eda de Coyoac\u00e1n\ndesmantelar el helipuerto construido ilegalmente por el Grupo Imagen (te hablan\nCiro G\u00f3mez Leyva), as\u00ed como solicitar la modificaci\u00f3n del plan de desarrollo\nurbano 2010 de la alcald\u00eda Coyoac\u00e1n, el cual omite la zona de amortiguamiento\nde la declaratoria de la UNESCO\u201d&#8230; De la mexicana-estadunidense Seidy\nHern\u00e1ndez: \u201c\u2026Gracias por compartir la situaci\u00f3n&nbsp;pol\u00edtica de mi lindo\nM\u00e9xico, me parece muy interesante y a la vez preocupante que esto sucediera. La\npregunta&nbsp;es a d\u00f3nde va M\u00e9xico, a d\u00f3nde quiere la gente que vaya y qu\u00e9\ncamino en realidad tomar\u00eda un escenario como ese. Uy qu\u00e9 miedo\u2026\u201d<span style=\"mso-spacerun:yes\">&nbsp; <\/span><\/span><a href=\"https:\/\/periodistasunidos.com.mx\/opinion\/amlo-y-la-militarizacion-de-mexico\/\"><span style=\"font-family:&quot;Arial&quot;,&quot;sans-serif&quot;;mso-fareast-font-family:Calibri;\nmso-fareast-theme-font:minor-latin;color:black;mso-themecolor:text1;mso-fareast-language:\nEN-US\">https:\/\/periodistasunidos.com.mx\/opinion\/amlo-y-la-militarizacion-de-mexico\/<\/span><\/a><u><span style=\"font-family:&quot;Arial&quot;,&quot;sans-serif&quot;;mso-fareast-font-family:Calibri;\nmso-fareast-theme-font:minor-latin;color:black;mso-themecolor:text1;mso-fareast-language:\nEN-US\"><o:p><\/o:p><\/span><\/u><\/p>\n\n<p class=\"MsoNormal\" style=\"text-align:justify\"><a href=\"http:\/\/www.forumenlinea.com\/\"><span style=\"font-size:8.0pt;font-family:\n&quot;Arial&quot;,&quot;sans-serif&quot;;color:black;mso-themecolor:text1;text-decoration:none;\ntext-underline:none\">http:\/\/www.forumenlinea.com\/<\/span><\/a><span style=\"font-size:8.0pt;font-family:&quot;Arial&quot;,&quot;sans-serif&quot;;color:black;mso-themecolor:\ntext1\"><span style=\"mso-spacerun:yes\">&nbsp;&nbsp;&nbsp; <\/span><\/span><a href=\"mailto:forum@forumenlinea.com\"><span style=\"font-size:8.0pt;font-family:\n&quot;Arial&quot;,&quot;sans-serif&quot;;color:black;mso-themecolor:text1;text-decoration:none;\ntext-underline:none\">forum@forumenlinea.com<\/span><\/a><span style=\"font-size:\n8.0pt;font-family:&quot;Arial&quot;,&quot;sans-serif&quot;;color:black;mso-themecolor:text1\"><span style=\"mso-spacerun:yes\">&nbsp;&nbsp;&nbsp; <\/span>Twitter@IbarraAguirreEd<o:p><\/o:p><\/span><\/p>\n\n<p class=\"MsoNormal\" style=\"text-align:justify\"><span style=\"font-family:&quot;Arial&quot;,&quot;sans-serif&quot;;\nmso-fareast-font-family:Calibri;mso-fareast-theme-font:minor-latin;color:black;\nmso-themecolor:text1;mso-fareast-language:EN-US\"><o:p>&nbsp;<\/o:p><\/span><\/p>\n\n<\/div>\n\n\n\n\n\n","protected":false},"excerpt":{"rendered":"<p>Utop\u00eda &nbsp; Desesperaci\u00f3n e incompetencia &nbsp; Eduardo Ibarra Aguirre &nbsp;&nbsp;&nbsp;&nbsp;&nbsp;&nbsp;&nbsp;&nbsp;&nbsp;&nbsp;&nbsp;&nbsp;&nbsp;&nbsp;&nbsp;&nbsp;&nbsp; A do\u00f1a Francisca Oliv\u00e9 Sans, 15 a\u00f1os despu\u00e9s. &nbsp; El mi\u00e9rcoles 29 concluye la campa\u00f1a electoral a las 23 horas con 59 minutos; al siguiente minuto, el jueves 30, comienza la veda electoral; deber\u00e1 cesar toda actividad proselitista de candidatos&#8230;<\/p>\n<div class=\"more-link-wrapper\"><a class=\"more-link\" href=\"https:\/\/forumenlinea.com\/?p=2363\">Continuar leyendo<span class=\"screen-reader-text\"><\/span><\/a><\/div>\n","protected":false},"author":1,"featured_media":0,"comment_status":"closed","ping_status":"closed","sticky":false,"template":"","format":"standard","meta":{"footnotes":""},"categories":[2],"tags":[],"class_list":["post-2363","post","type-post","status-publish","format-standard","hentry","category-utopia","entry"],"_links":{"self":[{"href":"https:\/\/forumenlinea.com\/index.php?rest_route=\/wp\/v2\/posts\/2363","targetHints":{"allow":["GET"]}}],"collection":[{"href":"https:\/\/forumenlinea.com\/index.php?rest_route=\/wp\/v2\/posts"}],"about":[{"href":"https:\/\/forumenlinea.com\/index.php?rest_route=\/wp\/v2\/types\/post"}],"author":[{"embeddable":true,"href":"https:\/\/forumenlinea.com\/index.php?rest_route=\/wp\/v2\/users\/1"}],"replies":[{"embeddable":true,"href":"https:\/\/forumenlinea.com\/index.php?rest_route=%2Fwp%2Fv2%2Fcomments&post=2363"}],"version-history":[{"count":1,"href":"https:\/\/forumenlinea.com\/index.php?rest_route=\/wp\/v2\/posts\/2363\/revisions"}],"predecessor-version":[{"id":2364,"href":"https:\/\/forumenlinea.com\/index.php?rest_route=\/wp\/v2\/posts\/2363\/revisions\/2364"}],"wp:attachment":[{"href":"https:\/\/forumenlinea.com\/index.php?rest_route=%2Fwp%2Fv2%2Fmedia&parent=2363"}],"wp:term":[{"taxonomy":"category","embeddable":true,"href":"https:\/\/forumenlinea.com\/index.php?rest_route=%2Fwp%2Fv2%2Fcategories&post=2363"},{"taxonomy":"post_tag","embeddable":true,"href":"https:\/\/forumenlinea.com\/index.php?rest_route=%2Fwp%2Fv2%2Ftags&post=2363"}],"curies":[{"name":"wp","href":"https:\/\/api.w.org\/{rel}","templated":true}]}}